{"id":2036,"date":"2018-03-26T12:40:55","date_gmt":"2018-03-26T12:40:55","guid":{"rendered":"http:\/\/buenostratos-blog.larioja.org\/?p=2036"},"modified":"2019-12-17T11:38:21","modified_gmt":"2019-12-17T11:38:21","slug":"logo-del-pacto-de-estado-contra-la-violencia-de-genero","status":"publish","type":"post","link":"https:\/\/buenostratos-blog.larioja.org\/?p=2036","title":{"rendered":"Logo del Pacto de Estado contra la violencia de g\u00e9nero."},"content":{"rendered":"<p style=\"text-align: justify;\">Espa\u00f1a es un pa\u00eds pionero en la lucha contra la violencia de g\u00e9nero. En la actualidad, nuestro pa\u00eds dispone de una amplia relaci\u00f3n de normas que prev\u00e9n, desde un punto de vista integral, la persecuci\u00f3n y eliminaci\u00f3n de cualquier forma de violencia ejercida sobre la mujer, destacando el importante esfuerzo desplegado por las Administraciones auton\u00f3micas y locales dentro de su \u00e1mbito competencial.<img loading=\"lazy\" decoding=\"async\" class=\"alignright size-medium wp-image-2038\" src=\"http:\/\/buenostratos-blog.larioja.org\/wp-content\/uploads\/2018\/03\/logo-pacto-estado-300x203.jpg\" alt=\"\" width=\"300\" height=\"203\" srcset=\"https:\/\/buenostratos-blog.larioja.org\/wp-content\/uploads\/2018\/03\/logo-pacto-estado-300x203.jpg 300w, https:\/\/buenostratos-blog.larioja.org\/wp-content\/uploads\/2018\/03\/logo-pacto-estado-768x520.jpg 768w, https:\/\/buenostratos-blog.larioja.org\/wp-content\/uploads\/2018\/03\/logo-pacto-estado-443x300.jpg 443w, https:\/\/buenostratos-blog.larioja.org\/wp-content\/uploads\/2018\/03\/logo-pacto-estado.jpg 796w\" sizes=\"(max-width: 300px) 100vw, 300px\" \/><\/p>\n<p style=\"text-align: justify;\">En esta l\u00ednea de acci\u00f3n y de corresponsabilidad, destacamos, como hito hist\u00f3rico, la aprobaci\u00f3n por los \u00f3rganos parlamentarios, Congreso y Senado en septiembre del 2017, del <strong><span style=\"color: #800080;\">Pacto de Estado Contra la Violencia de <\/span><\/strong><strong><span style=\"color: #800080;\">G\u00e9nero<\/span><\/strong>, con un conjunto de propuestas consensuadas para su prevenci\u00f3n,sensibilizaci\u00f3n y erradicaci\u00f3n.<br \/>\nTras la negociaciones del Gobierno con todos los sectores intervinientes,tanto desde la administraci\u00f3n como desde la sociedad civil en el desarrollo e implantaci\u00f3n de estas propuestas a lo largo de los pr\u00f3ximos cinco a\u00f1os, se ha aprobado a finales de diciembre de 2017 el Pacto de Estado en Conferencia Sectorial de Igualdad, y en el Pleno del observatorio Estatal para la Violencia sobre la Mujer.<br \/>\nPor ello nos encontramos en un momento crucial para construir una sociedad libre de violencia sobre las mujeres, en la que el impulso de este Pacto de Estado refleja el compromiso, la uni\u00f3n y la fuerza de todos los agentes de la sociedad para conseguir erradicar la violencia de g\u00e9nero.<br \/>\nY este es el mensaje que se ha querido transmitir mediante el <span style=\"color: #800080;\">logo del Pacto de Estado contra la Violencia de G\u00e9nero: uni\u00f3n y fuerza,<\/span> enlaz\u00e1ndolo con la simbolog\u00eda del logo <strong><span style=\"color: #800080;\">\u201cHay Salida\u201d<\/span> <\/strong>en colores y formas similares para <span style=\"color: #800080;\">transmitir y reflejar el mensaje de esperanza y de futuro sin violencia.<\/span><br \/>\nEl logo de Pacto de Estado contra la Violencia de G\u00e9nero es de uso p\u00fablico, transversal, com\u00fan: para que todas las Comunidades Aut\u00f3nomas, organizaciones, entidades\u2026, en definitiva, todos los agentes de la sociedadhaciendo uso de \u00e9l identifiquen esta tarea conjunta que requiere una actuaci\u00f3n unitaria y la m\u00e1xima coordinaci\u00f3n, colaboraci\u00f3n y cooperaci\u00f3n.<\/p>\n<p style=\"text-align: justify;\">Invitamos y animamos a que hag\u00e1is uso del logo del Pacto de Estado contra la Violencia de G\u00e9nero incorporado debajo del mismo vuestros propios logos institucionales para transmitir todos estos valores junto con los hashtags <span style=\"color: #800080;\">#PactoEstadoVG<\/span> y <span style=\"color: #800080;\">#Haysalida<\/span> para difundir y viralizar en todos los rincones que mediante la uni\u00f3n y la fuerza conseguiremos construir una sociedad libre de violencia de g\u00e9nero.<\/p>\n<p>Fuente:http:\/\/www.violenciagenero.msssi.gob.es\/<\/p>\n","protected":false},"excerpt":{"rendered":"<p>Espa\u00f1a es un pa\u00eds pionero en la lucha contra la violencia de g\u00e9nero. En la actualidad, nuestro pa\u00eds dispone de una amplia relaci\u00f3n de normas que prev\u00e9n, desde un punto de vista integral, la persecuci\u00f3n y eliminaci\u00f3n de cualquier forma &hellip; <a href=\"https:\/\/buenostratos-blog.larioja.org\/?p=2036\">Sigue leyendo <span class=\"meta-nav\">&rarr;<\/span><\/a><\/p>\n","protected":false},"author":2,"featured_media":0,"comment_status":"open","ping_status":"closed","sticky":false,"template":"","format":"standard","meta":{"footnotes":""},"categories":[13,1],"tags":[],"_links":{"self":[{"href":"https:\/\/buenostratos-blog.larioja.org\/index.php?rest_route=\/wp\/v2\/posts\/2036"}],"collection":[{"href":"https:\/\/buenostratos-blog.larioja.org\/index.php?rest_route=\/wp\/v2\/posts"}],"about":[{"href":"https:\/\/buenostratos-blog.larioja.org\/index.php?rest_route=\/wp\/v2\/types\/post"}],"author":[{"embeddable":true,"href":"https:\/\/buenostratos-blog.larioja.org\/index.php?rest_route=\/wp\/v2\/users\/2"}],"replies":[{"embeddable":true,"href":"https:\/\/buenostratos-blog.larioja.org\/index.php?rest_route=%2Fwp%2Fv2%2Fcomments&post=2036"}],"version-history":[{"count":2,"href":"https:\/\/buenostratos-blog.larioja.org\/index.php?rest_route=\/wp\/v2\/posts\/2036\/revisions"}],"predecessor-version":[{"id":2039,"href":"https:\/\/buenostratos-blog.larioja.org\/index.php?rest_route=\/wp\/v2\/posts\/2036\/revisions\/2039"}],"wp:attachment":[{"href":"https:\/\/buenostratos-blog.larioja.org\/index.php?rest_route=%2Fwp%2Fv2%2Fmedia&parent=2036"}],"wp:term":[{"taxonomy":"category","embeddable":true,"href":"https:\/\/buenostratos-blog.larioja.org\/index.php?rest_route=%2Fwp%2Fv2%2Fcategories&post=2036"},{"taxonomy":"post_tag","embeddable":true,"href":"https:\/\/buenostratos-blog.larioja.org\/index.php?rest_route=%2Fwp%2Fv2%2Ftags&post=2036"}],"curies":[{"name":"wp","href":"https:\/\/api.w.org\/{rel}","templated":true}]}}