{"id":1798,"date":"2017-09-01T11:04:54","date_gmt":"2017-09-01T11:04:54","guid":{"rendered":"http:\/\/buenostratos-blog.larioja.org\/?p=1798"},"modified":"2019-12-17T11:38:22","modified_gmt":"2019-12-17T11:38:22","slug":"malala-logra-plaza-en-la-universidad-de-oxford","status":"publish","type":"post","link":"https:\/\/buenostratos-blog.larioja.org\/?p=1798","title":{"rendered":"Malala logra plaza en la Universidad de Oxford."},"content":{"rendered":"<p style=\"text-align: justify;\">La joven paquistan\u00ed <strong><span style=\"color: #800080;\">Malala Yousafzai<\/span><\/strong>, la <strong><span style=\"color: #800080;\">Nobel de la Paz<\/span><\/strong> que sobrevivi\u00f3 a un atentado por <span style=\"color: #800080;\">defender la educaci\u00f3n de las ni\u00f1as en su pa\u00eds<\/span>, anunci\u00f3 el jueves que cursar\u00e1 sus estudios superiores en la Universidad brit\u00e1nica de Oxford.<a href=\"http:\/\/buenostratos-blog.larioja.org\/wp-content\/uploads\/2017\/09\/Malala.jpg\"><img loading=\"lazy\" decoding=\"async\" class=\"alignright wp-image-1799 size-full\" src=\"http:\/\/buenostratos-blog.larioja.org\/wp-content\/uploads\/2017\/09\/Malala.jpg\" alt=\"\" width=\"164\" height=\"140\" \/><\/a><\/p>\n<p style=\"text-align: justify;\">\u00ab\u00a1Estoy tan contenta de ir a Oxford!\u00bb, escribi\u00f3 en Twitter la joven de 20 a\u00f1os, junto a una fotograf\u00eda del mensaje de la universidad confirmando su admisi\u00f3n en el grado de filosof\u00eda, pol\u00edtica y econom\u00eda.<\/p>\n<p style=\"text-align: justify;\">El anunci\u00f3 se produjo el d\u00eda en que los estudiantes del Reino Unido, donde Malala encontr\u00f3 refugio tras el atentado sufrido en Pakist\u00e1n, recibieron las notas del gran examen que realizan al final de la educaci\u00f3n secundaria y que determina a qu\u00e9 universidades asistir\u00e1n. Malala no revel\u00f3 sus notas, pero felicit\u00f3 a todos los que llegaron a hacer el examen y les dese\u00f3 \u00ablo mejor en la vida\u00bb.<\/p>\n<p style=\"text-align: justify;\">La muchacha<span style=\"color: #800080;\"> ten\u00eda 15 a\u00f1os<\/span> cuando un talib\u00e1n le <span style=\"color: #800080;\">dispar\u00f3 en la cabeza<\/span> en el autob\u00fas que la llevaba a la escuela en el valle de Swat, en Pakist\u00e1n.<\/p>\n<p style=\"text-align: justify;\">Fue trasladada a un hospital de la ciudad inglesa de Birmingham, y se qued\u00f3 a vivir ah\u00ed con su familia, siguiendo con sus estudios y su activismo.<\/p>\n<p style=\"text-align: justify;\">En 2014, cuando ten\u00eda 17 a\u00f1os, fue galardonada con el premio <span style=\"color: #800080;\">Nobel de la Paz<\/span> junto al indio Kailash Satyarthi, por su<span style=\"color: #800080;\"> defensa de los derechos de los ni\u00f1os.<\/span><\/p>\n<p>Fuente: Heraldo<\/p>\n","protected":false},"excerpt":{"rendered":"<p>La joven paquistan\u00ed Malala Yousafzai, la Nobel de la Paz que sobrevivi\u00f3 a un atentado por defender la educaci\u00f3n de las ni\u00f1as en su pa\u00eds, anunci\u00f3 el jueves que cursar\u00e1 sus estudios superiores en la Universidad brit\u00e1nica de Oxford. \u00ab\u00a1Estoy &hellip; <a href=\"https:\/\/buenostratos-blog.larioja.org\/?p=1798\">Sigue leyendo <span class=\"meta-nav\">&rarr;<\/span><\/a><\/p>\n","protected":false},"author":2,"featured_media":0,"comment_status":"open","ping_status":"closed","sticky":false,"template":"","format":"standard","meta":{"footnotes":""},"categories":[13,5],"tags":[],"_links":{"self":[{"href":"https:\/\/buenostratos-blog.larioja.org\/index.php?rest_route=\/wp\/v2\/posts\/1798"}],"collection":[{"href":"https:\/\/buenostratos-blog.larioja.org\/index.php?rest_route=\/wp\/v2\/posts"}],"about":[{"href":"https:\/\/buenostratos-blog.larioja.org\/index.php?rest_route=\/wp\/v2\/types\/post"}],"author":[{"embeddable":true,"href":"https:\/\/buenostratos-blog.larioja.org\/index.php?rest_route=\/wp\/v2\/users\/2"}],"replies":[{"embeddable":true,"href":"https:\/\/buenostratos-blog.larioja.org\/index.php?rest_route=%2Fwp%2Fv2%2Fcomments&post=1798"}],"version-history":[{"count":1,"href":"https:\/\/buenostratos-blog.larioja.org\/index.php?rest_route=\/wp\/v2\/posts\/1798\/revisions"}],"predecessor-version":[{"id":1800,"href":"https:\/\/buenostratos-blog.larioja.org\/index.php?rest_route=\/wp\/v2\/posts\/1798\/revisions\/1800"}],"wp:attachment":[{"href":"https:\/\/buenostratos-blog.larioja.org\/index.php?rest_route=%2Fwp%2Fv2%2Fmedia&parent=1798"}],"wp:term":[{"taxonomy":"category","embeddable":true,"href":"https:\/\/buenostratos-blog.larioja.org\/index.php?rest_route=%2Fwp%2Fv2%2Fcategories&post=1798"},{"taxonomy":"post_tag","embeddable":true,"href":"https:\/\/buenostratos-blog.larioja.org\/index.php?rest_route=%2Fwp%2Fv2%2Ftags&post=1798"}],"curies":[{"name":"wp","href":"https:\/\/api.w.org\/{rel}","templated":true}]}}