{"id":1665,"date":"2017-04-12T11:55:16","date_gmt":"2017-04-12T11:55:16","guid":{"rendered":"http:\/\/buenostratos-blog.larioja.org\/?p=1665"},"modified":"2019-12-17T11:38:22","modified_gmt":"2019-12-17T11:38:22","slug":"que-es-la-neuroeducacion","status":"publish","type":"post","link":"https:\/\/buenostratos-blog.larioja.org\/?p=1665","title":{"rendered":"\u00bfQu\u00e9 es la neuroeducaci\u00f3n?"},"content":{"rendered":"<p style=\"text-align: justify;\">Os adjuntamos este art\u00edculo que nos ha parecido de interes acerca de este nuevo concepto, que suena \u00abcomplicado\u00bb pero que en el fondo es muy elemental a la hora de educar: contar con\u00a0 las emociones.<\/p>\n<p><span style=\"color: #800080;\"><strong>Las emociones y el aprendizaje no tienen por qu\u00e9 ir por caminos separados.<\/strong><\/span><\/p>\n<p style=\"text-align: justify;\">Ese es el mensaje que nos da la <span style=\"color: #800080;\">neurociencia,<\/span> que demuestra que para aprender y asimilar conceptos los alumnos necesitan algo m\u00e1s que memoria: <span style=\"color: #800080;\">las emociones<\/span> son <span style=\"color: #800080;\">imprescindibles<\/span>. Se llama neuroeducaci\u00f3n y es una de las nuevas ciencias que m\u00e1s est\u00e1n influyendo en la pedagog\u00eda.<\/p>\n<p style=\"text-align: justify;\"><a href=\"http:\/\/buenostratos-blog.larioja.org\/wp-content\/uploads\/2017\/04\/neurociencia.jpg\"><img loading=\"lazy\" decoding=\"async\" class=\" size-medium wp-image-1666 alignright\" src=\"http:\/\/buenostratos-blog.larioja.org\/wp-content\/uploads\/2017\/04\/neurociencia-300x200.jpg\" alt=\"neurociencia\" width=\"300\" height=\"200\" srcset=\"https:\/\/buenostratos-blog.larioja.org\/wp-content\/uploads\/2017\/04\/neurociencia-300x200.jpg 300w, https:\/\/buenostratos-blog.larioja.org\/wp-content\/uploads\/2017\/04\/neurociencia-450x300.jpg 450w, https:\/\/buenostratos-blog.larioja.org\/wp-content\/uploads\/2017\/04\/neurociencia.jpg 768w\" sizes=\"(max-width: 300px) 100vw, 300px\" \/><\/a><br \/>\nSe trata de <span style=\"color: #800080;\">mejorar el rendimiento<\/span> de los alumnos conociendo un poco m\u00e1s lo que se gesta en cada cerebro, c\u00f3mo funcionan las neuronas y qu\u00e9 hace falta para asimilar mejor los conceptos<br \/>\nQue el aprendizaje y la emoci\u00f3n no son dos mundos separados es uno de los grandes descubrimientos que se han hecho a trav\u00e9s de la neuroeducaci\u00f3n. No aprendemos almacenando datos fr\u00edamente como lo har\u00eda un robot, sino que <span style=\"color: #800080;\">nuestro sistema nervioso<\/span> <span style=\"color: #800080;\">act\u00faa al aprender,<\/span> y los <span style=\"color: #800080;\">recuerdos<\/span> y las <span style=\"color: #800080;\">emociones<\/span><\/p>\n<p style=\"text-align: justify;\">Por eso los pedagogos que est\u00e1n investigando la neuroeducaci\u00f3n ponen el punto de mira en temas que hasta ahora no conoc\u00edamos o no valor\u00e1bamos. Por ejemplo se estudia c\u00f3mo los alumnos <span style=\"color: #800080;\">aprenden de distinta manera<\/span> en funci\u00f3n de<span style=\"color: #800080;\"> donde se encuentren,<\/span> de los <span style=\"color: #800080;\">est\u00edmulos familiares<\/span> que tengan o de c\u00f3mo sean las <span style=\"color: #800080;\">relaciones<\/span> con sus compa\u00f1eros.<\/p>\n<p style=\"text-align: justify;\">La neuroeducaci\u00f3n tambi\u00e9n se ocupa de <span style=\"color: #800080;\">c\u00f3mo estimular la atenci\u00f3n entre los ni\u00f1os,<\/span> y especialmente entre los <span style=\"color: #800080;\">adolescentes<\/span>. Se considera que la mayor\u00eda de las personas pueden estar<span style=\"color: #800080;\"> concentradas<\/span> en una tarea como mucho <span style=\"color: #800080;\">40 o 45 minutos<\/span>. Por lo tanto las clases magistrales que sobrepasan este l\u00edmite, tan habituales en la docencia tradicional, resultan poco eficientes.<\/p>\n<p style=\"text-align: justify;\">La neuroeducaci\u00f3n tambi\u00e9n puede ayudar a muchos alumnos con problemas de aprendizaje como los que surgen con el autismo o el TDAH.<\/p>\n<p style=\"text-align: justify;\">Hay quien asegura que el futuro de la educaci\u00f3n pasa por esta ciencia, por profundizar en los elementos psicol\u00f3gicos, los medioambientales y los gen\u00e9ticos, que afectan a los estudiantes y que determinan su \u00e9xito escolar.<\/p>\n<p style=\"text-align: justify;\">La neuroeducaci\u00f3n es una mezcla de muchos componentes y adem\u00e1s se encuentra apenas en sus comienzos.<\/p>\n<p style=\"text-align: justify;\">Basta recorrer internet para comprobar que hay decenas de referencias muy dispares, algunas un poco esperp\u00e9nticas. Tambi\u00e9n hay que decir que muchas instituciones educativas del mundo ya han comenzado a dedicar recursos para crear centros de investigaci\u00f3n enfocados precisamente a la neurociencia educativa: la neuroeducaci\u00f3n.<br \/>\nDe una forma u otra, en el coraz\u00f3n de este <span style=\"color: #800080;\">nuevo concepto est\u00e1 la emoci\u00f3n.<\/span><\/p>\n<p style=\"text-align: justify;\">Ese ingrediente que es <span style=\"color: #800080;\">fundamental<\/span> tanto <span style=\"color: #800080;\">para el que ense\u00f1a<\/span> como <span style=\"color: #800080;\">para el que aprende.<\/span> Sus seguidores explican que no hay proceso de ense\u00f1anza aut\u00e9ntico si no se sostiene sobre esa columna de la emoci\u00f3n, en sus infinitas perspectivas.<\/p>\n<p><em>Fuente:Por la educaci\u00f3n<\/em> de <em>Radio 5<\/em><\/p>\n<p>Ilustraci\u00f3n de makelessnoise<em><br \/>\n<\/em><\/p>\n<p>&nbsp;<\/p>\n","protected":false},"excerpt":{"rendered":"<p>Os adjuntamos este art\u00edculo que nos ha parecido de interes acerca de este nuevo concepto, que suena \u00abcomplicado\u00bb pero que en el fondo es muy elemental a la hora de educar: contar con\u00a0 las emociones. Las emociones y el aprendizaje &hellip; <a href=\"https:\/\/buenostratos-blog.larioja.org\/?p=1665\">Sigue leyendo <span class=\"meta-nav\">&rarr;<\/span><\/a><\/p>\n","protected":false},"author":2,"featured_media":0,"comment_status":"open","ping_status":"closed","sticky":false,"template":"","format":"standard","meta":{"footnotes":""},"categories":[13,3],"tags":[],"_links":{"self":[{"href":"https:\/\/buenostratos-blog.larioja.org\/index.php?rest_route=\/wp\/v2\/posts\/1665"}],"collection":[{"href":"https:\/\/buenostratos-blog.larioja.org\/index.php?rest_route=\/wp\/v2\/posts"}],"about":[{"href":"https:\/\/buenostratos-blog.larioja.org\/index.php?rest_route=\/wp\/v2\/types\/post"}],"author":[{"embeddable":true,"href":"https:\/\/buenostratos-blog.larioja.org\/index.php?rest_route=\/wp\/v2\/users\/2"}],"replies":[{"embeddable":true,"href":"https:\/\/buenostratos-blog.larioja.org\/index.php?rest_route=%2Fwp%2Fv2%2Fcomments&post=1665"}],"version-history":[{"count":3,"href":"https:\/\/buenostratos-blog.larioja.org\/index.php?rest_route=\/wp\/v2\/posts\/1665\/revisions"}],"predecessor-version":[{"id":1669,"href":"https:\/\/buenostratos-blog.larioja.org\/index.php?rest_route=\/wp\/v2\/posts\/1665\/revisions\/1669"}],"wp:attachment":[{"href":"https:\/\/buenostratos-blog.larioja.org\/index.php?rest_route=%2Fwp%2Fv2%2Fmedia&parent=1665"}],"wp:term":[{"taxonomy":"category","embeddable":true,"href":"https:\/\/buenostratos-blog.larioja.org\/index.php?rest_route=%2Fwp%2Fv2%2Fcategories&post=1665"},{"taxonomy":"post_tag","embeddable":true,"href":"https:\/\/buenostratos-blog.larioja.org\/index.php?rest_route=%2Fwp%2Fv2%2Ftags&post=1665"}],"curies":[{"name":"wp","href":"https:\/\/api.w.org\/{rel}","templated":true}]}}