{"id":1623,"date":"2017-03-13T13:29:17","date_gmt":"2017-03-13T13:29:17","guid":{"rendered":"http:\/\/buenostratos-blog.larioja.org\/?p=1623"},"modified":"2019-12-17T11:38:23","modified_gmt":"2019-12-17T11:38:23","slug":"disenando-la-igualdad-2017","status":"publish","type":"post","link":"https:\/\/buenostratos-blog.larioja.org\/?p=1623","title":{"rendered":"\u00abDise\u00f1ando la Igualdad  2017\u00bb"},"content":{"rendered":"<p style=\"text-align: justify;\">Luc\u00eda Cer\u00f3n, Directora del Instituto de la Mujer y para la Igualdad de Oportunidades ha entregado hoy los premios a la ganadora y finalistas del <strong><span style=\"color: #800080;\">concurso \u00abDise\u00f1ando la Igualdad, 2017\u00bb.<\/span><\/strong> El acto se ha desarrollado, en la sede de Condesa de Venadito, en el marco de la celebraci\u00f3n del D\u00eda Internacional de las Mujeres.<\/p>\n<p style=\"text-align: justify;\">La ganadora ha sido<span style=\"color: #800080;\"> Magali Celene Silva<\/span>, alumna de Grado en Dise\u00f1o de la Universidad de La Laguna, con el cartel titulado &#8216;Solo hacia delante&#8217;, por el que ha recibido un premio dotado con 3.500 euros.<a href=\"http:\/\/buenostratos-blog.larioja.org\/wp-content\/uploads\/2017\/03\/EntregraPremiosIgualdad2017.jpg\"><img loading=\"lazy\" decoding=\"async\" class=\" size-medium wp-image-1624 alignright\" src=\"http:\/\/buenostratos-blog.larioja.org\/wp-content\/uploads\/2017\/03\/EntregraPremiosIgualdad2017-300x221.jpg\" alt=\"EntregraPremiosIgualdad2017\" width=\"300\" height=\"221\" srcset=\"https:\/\/buenostratos-blog.larioja.org\/wp-content\/uploads\/2017\/03\/EntregraPremiosIgualdad2017-300x221.jpg 300w, https:\/\/buenostratos-blog.larioja.org\/wp-content\/uploads\/2017\/03\/EntregraPremiosIgualdad2017-408x300.jpg 408w, https:\/\/buenostratos-blog.larioja.org\/wp-content\/uploads\/2017\/03\/EntregraPremiosIgualdad2017.jpg 480w\" sizes=\"(max-width: 300px) 100vw, 300px\" \/><\/a><\/p>\n<p style=\"text-align: justify;\">Junto a ella han recibido dos acc\u00e9sits, dotados con 600 euros cada uno, los finalistas:<\/p>\n<p style=\"text-align: justify;\">Joel Pel\u00e1ez, alumno de Grado en Dise\u00f1o de la Universidad de La Laguna, por el cartel titulado \u2018Luz verde a la igualdad\u2019.<br \/>\nAndreas Ibarra, alumno de Dise\u00f1o Gr\u00e1fico de la Escuela Superior de Dise\u00f1o de Arag\u00f3n, de Zaragoza, por el cartel titulado \u2018Mira por la Igualdad\u2019.<\/p>\n<p style=\"text-align: justify;\">Durante su intervenci\u00f3n Luc\u00eda Cer\u00f3n ha agradecido la participaci\u00f3n de todas las candidaturas y ha destacado que con el concurso de carteles &#8216;Dise\u00f1ando la Igualdad&#8217;, que en 2017 cumple su segunda edici\u00f3n, quiere <span style=\"color: #800080;\">reconocerse<\/span> tanto el <span style=\"color: #800080;\">talento joven<\/span> como su <span style=\"color: #800080;\">compromiso con la igualdad entre mujeres y hombres.<\/span> Asimismo, ha resaltado que tanto desde el \u00e1mbito de la comunicaci\u00f3n como desde la cultura se ejerce una importante influencia social que puede contribuir a erradicar la discriminaci\u00f3n y el sexismo, por lo que ha hecho un <span style=\"color: #800080;\">llamamiento a los y las profesionales<\/span> de ambos sectores para que se realice una reflexi\u00f3n sobre esta cuesti\u00f3n. Los<span style=\"color: #800080;\"> estereotipos discriminatorios deben desterrarse<\/span> de la creaci\u00f3n art\u00edstica y de los medios de comunicaci\u00f3n <span style=\"color: #800080;\">si queremos que la igualdad real y efectiva sea un hecho.<\/span><\/p>\n<p style=\"text-align: justify;\">Cer\u00f3n ha recordado, en el D\u00eda Internacional de las Mujeres, que todav\u00eda nos queda mucho espacio que conquistar, que la<span style=\"color: #800080;\"> representaci\u00f3n<\/span> de las <span style=\"color: #800080;\">mujeres<\/span> es a\u00fan muy <span style=\"color: #800080;\">escasa<\/span> en los espacios p\u00fablicos y tambi\u00e9n la de los<span style=\"color: #800080;\"> hombres en el espacio familiar y de los cuidados<\/span>. Y ha terminado resaltando que para el Instituto de la Mujer y para la Igualdad de Oportunidades, los 365 d\u00edas del a\u00f1o con d\u00edas de las mujeres.<\/p>\n<p>En el acto se ha emitido el video institucional del 8 de Marzo, \u201cSeguimos Avanzando\u201d.<\/p>\n<p>Fuente: Instituto de la Mujer<\/p>\n","protected":false},"excerpt":{"rendered":"<p>Luc\u00eda Cer\u00f3n, Directora del Instituto de la Mujer y para la Igualdad de Oportunidades ha entregado hoy los premios a la ganadora y finalistas del concurso \u00abDise\u00f1ando la Igualdad, 2017\u00bb. El acto se ha desarrollado, en la sede de Condesa &hellip; <a href=\"https:\/\/buenostratos-blog.larioja.org\/?p=1623\">Sigue leyendo <span class=\"meta-nav\">&rarr;<\/span><\/a><\/p>\n","protected":false},"author":2,"featured_media":0,"comment_status":"open","ping_status":"closed","sticky":false,"template":"","format":"standard","meta":{"footnotes":""},"categories":[13,1],"tags":[],"_links":{"self":[{"href":"https:\/\/buenostratos-blog.larioja.org\/index.php?rest_route=\/wp\/v2\/posts\/1623"}],"collection":[{"href":"https:\/\/buenostratos-blog.larioja.org\/index.php?rest_route=\/wp\/v2\/posts"}],"about":[{"href":"https:\/\/buenostratos-blog.larioja.org\/index.php?rest_route=\/wp\/v2\/types\/post"}],"author":[{"embeddable":true,"href":"https:\/\/buenostratos-blog.larioja.org\/index.php?rest_route=\/wp\/v2\/users\/2"}],"replies":[{"embeddable":true,"href":"https:\/\/buenostratos-blog.larioja.org\/index.php?rest_route=%2Fwp%2Fv2%2Fcomments&post=1623"}],"version-history":[{"count":1,"href":"https:\/\/buenostratos-blog.larioja.org\/index.php?rest_route=\/wp\/v2\/posts\/1623\/revisions"}],"predecessor-version":[{"id":1625,"href":"https:\/\/buenostratos-blog.larioja.org\/index.php?rest_route=\/wp\/v2\/posts\/1623\/revisions\/1625"}],"wp:attachment":[{"href":"https:\/\/buenostratos-blog.larioja.org\/index.php?rest_route=%2Fwp%2Fv2%2Fmedia&parent=1623"}],"wp:term":[{"taxonomy":"category","embeddable":true,"href":"https:\/\/buenostratos-blog.larioja.org\/index.php?rest_route=%2Fwp%2Fv2%2Fcategories&post=1623"},{"taxonomy":"post_tag","embeddable":true,"href":"https:\/\/buenostratos-blog.larioja.org\/index.php?rest_route=%2Fwp%2Fv2%2Ftags&post=1623"}],"curies":[{"name":"wp","href":"https:\/\/api.w.org\/{rel}","templated":true}]}}