{"id":1614,"date":"2017-03-08T12:17:56","date_gmt":"2017-03-08T12:17:56","guid":{"rendered":"http:\/\/buenostratos-blog.larioja.org\/?p=1614"},"modified":"2019-12-17T11:38:37","modified_gmt":"2019-12-17T11:38:37","slug":"dia-internacional-de-la-mujer-8-de-marzo-2","status":"publish","type":"post","link":"https:\/\/buenostratos-blog.larioja.org\/?p=1614","title":{"rendered":"D\u00eda Internacional de la Mujer, 8 de marzo."},"content":{"rendered":"<div class=\"row\">\n<div class=\"col-md-12 un-no-padding\" style=\"text-align: justify;\">\u00abEn el D\u00eda Internacional de la Mujer, debemos comprometernos a hacer todo lo posible para superar los prejuicios arraigados, apoyar la participaci\u00f3n y el activismo y promover la igualdad de g\u00e9nero y el empoderamiento de la mujer\u00bb. \u2014 <span style=\"color: #800080;\"><cite><a style=\"color: #800080;\" href=\"http:\/\/www.un.org\/es\/events\/womensday\/sgmessage.shtml\">Ant\u00f3nio Guterres, Secretario General de las Naciones Unidas.<\/a><a href=\"http:\/\/buenostratos-blog.larioja.org\/wp-content\/uploads\/2017\/03\/dia-de-la-mujer2017.jpg\"><img loading=\"lazy\" decoding=\"async\" class=\"alignright wp-image-1620 size-medium\" src=\"http:\/\/buenostratos-blog.larioja.org\/wp-content\/uploads\/2017\/03\/dia-de-la-mujer2017-300x187.jpg\" alt=\"dia de la mujer2017\" width=\"300\" height=\"187\" srcset=\"https:\/\/buenostratos-blog.larioja.org\/wp-content\/uploads\/2017\/03\/dia-de-la-mujer2017-300x187.jpg 300w, https:\/\/buenostratos-blog.larioja.org\/wp-content\/uploads\/2017\/03\/dia-de-la-mujer2017-482x300.jpg 482w, https:\/\/buenostratos-blog.larioja.org\/wp-content\/uploads\/2017\/03\/dia-de-la-mujer2017.jpg 500w\" sizes=\"(max-width: 300px) 100vw, 300px\" \/><\/a><\/cite><\/span><\/div>\n<div class=\"col-md-12 un-no-padding\" style=\"text-align: justify;\"><a href=\"https:\/\/www.youtube.com\/watch?v=6W9Z5waP8UY\">Video<\/a><\/div>\n<\/div>\n<p style=\"text-align: justify;\">Un 8 de marzo de 1857, un grupo de obreras textiles tom\u00f3 la decisi\u00f3n de salir a las calles de Nueva York a protestar por las m\u00edseras condiciones en las que trabajaban.<\/p>\n<p style=\"text-align: justify;\">Distintos movimientos se sucedieron a partir de esa fecha.\u00a0El 5 de marzo de 1908, Nueva York fue escenario de nuevo de una huelga pol\u00e9mica para aquellos tiempos. Un grupo de\u00a0 de 40.000 mujeres reclamaba la igualdad salarial, la disminuci\u00f3n de la jornada laboral a 10 horas y un tiempo para poder dar de mamar a sus hijos. Durante esa huelga, perecieron m\u00e1s de un centenar de mujeres quemadas en una f\u00e1brica de Sirtwoot Cotton, en un incendio que se atribuy\u00f3 al due\u00f1o de la f\u00e1brica como respuesta a la huelga.<\/p>\n<p style=\"text-align: justify;\">En 1910, durante la Segunda Conferencia Internacional de Mujeres Trabajadoras celebrada en Copenhague (Dinamarca) m\u00e1s de 100 mujeres aprobaron declarar el 8 de marzo como D\u00eda Internacional de la Mujer Trabajadora.<\/p>\n<p style=\"text-align: justify;\">Y en 1975 cuando la Asamblea General de las <span style=\"color: #800080;\"><a style=\"color: #800080;\" title=\"Naciones Unidas\" href=\"http:\/\/www.antena3.com\/temas\/onu-1\" target=\"_blank\" rel=\"noopener noreferrer\">Naciones Unidas<\/a><\/span> estableci\u00f3 como <a title=\"D\u00eda Internacional de la Mujer\" href=\"http:\/\/www.antena3.com\/temas\/dia_de_la_mujer-1\" target=\"_blank\" rel=\"noopener noreferrer\"><span style=\"color: #800080;\">D\u00eda Internacional de la Mujer<\/span><\/a> el 8 de marzo.<\/p>\n<p style=\"text-align: justify;\">Es un d\u00eda para hacer visible que todav\u00eda la mitad de la poblaci\u00f3n sufre actos de discriminaci\u00f3n y violencia solo por ser mujeres.<\/p>\n<p style=\"text-align: justify;\">Os adjuntamos algunos recursos did\u00e1cticos para trabajar este tema en el aula:<\/p>\n<ul style=\"list-style-type: disc;\">\n<li><span style=\"color: #800080;\"><a style=\"color: #800080;\" title=\"Red de Buenas Pr\u00e1cTICas 2.0 - Recursos para el D\u00eda de la Mujer. Abre en nueva ventana\" href=\"http:\/\/recursostic.educacion.es\/buenaspracticas20\/web\/es\/difundiendo-buenas-practicas\/613-recursos-para-el-dia-de-la-mujer\" target=\"_blank\" rel=\"noopener noreferrer\">Red de Buenas Pr\u00e1cTICas 2.0 &#8211; Recursos para el D\u00eda de la Mujer<\/a><\/span><\/li>\n<li><span style=\"color: #800080;\"><a style=\"color: #800080;\" title=\"RIATE - Recursos educativos para el D\u00eda Internacional de la Mujer. 8 de marzo. Abre en nueva ventana\" href=\"http:\/\/www.riate.org\/version\/v2\/index.php?option=com_k2&amp;view=item&amp;id=402:d%C3%ADa-internacional-de-la-mujer-8-de-marzo&amp;Itemid=42&amp;lang=es\" target=\"_blank\" rel=\"noopener noreferrer\">RIATE &#8211; Recursos educativos para el D\u00eda Internacional de la Mujer. 8 de marzo<\/a><\/span><\/li>\n<li><span style=\"color: #800080;\"><a style=\"color: #800080;\" title=\"Red de Buenas Pr\u00e1cTICas 2.0 - Otras maneras de trabajar El D\u00eda de la Mujer. Abre en nueva ventana\" href=\"http:\/\/recursostic.educacion.es\/buenaspracticas20\/web\/es\/difundiendo-buenas-practicas\/623-otras-maneras-de-trabajar-el-dia-de-la-mujer\" target=\"_blank\" rel=\"noopener noreferrer\">Red de Buenas Pr\u00e1cTICas 2.0 &#8211; Otras maneras de trabajar El D\u00eda de la Mujer<\/a><\/span><\/li>\n<li><span style=\"color: #800080;\"><a style=\"color: #800080;\" title=\"La coeducaci\u00f3n. Abre en ventana nueva\" href=\"http:\/\/www.ite.educacion.es\/formacion\/materiales\/112\/cd\/indice.htm\" target=\"_blank\" rel=\"noopener noreferrer\">La coeducaci\u00f3n<\/a><\/span><\/li>\n<li><span style=\"color: #800080;\"><a style=\"color: #800080;\" title=\"Iniciativas y materiales did\u00e1cticos del Instituto de la Mujer. Abre en nueva ventana\" href=\"http:\/\/ntic.educacion.es\/w3\/recursos\/secundaria\/transversales\/instituto_mujer\/iniciativas.htm\" target=\"_blank\" rel=\"noopener noreferrer\">Iniciativas y materiales did\u00e1cticos del Instituto de la Mujer<\/a><\/span><\/li>\n<li><span style=\"color: #800080;\"><a style=\"color: #800080;\" title=\"Convivencia escolar: prevenir la violencia contra las mujeres construyendo la igualdad. Abre en nueva ventana\" href=\"http:\/\/ntic.educacion.es\/w3\/recursos2\/convivencia_escolar\/3_6.htm\" target=\"_blank\" rel=\"noopener noreferrer\">Convivencia escolar: prevenir la violencia contra las mujeres construyendo la igualdad. <\/a><\/span><\/li>\n<\/ul>\n<p>Esperamos que os resulten de utilidad.<\/p>\n<p><span style=\"color: #800080;\"><strong>\u00a1\u00a1\u00a1FELIZ D\u00cdA DE LA MUJER!!!!<\/strong><\/span><\/p>\n<p>Fuente: http:\/\/educalab.es\/intef<\/p>\n","protected":false},"excerpt":{"rendered":"<p>\u00abEn el D\u00eda Internacional de la Mujer, debemos comprometernos a hacer todo lo posible para superar los prejuicios arraigados, apoyar la participaci\u00f3n y el activismo y promover la igualdad de g\u00e9nero y el empoderamiento de la mujer\u00bb. \u2014 Ant\u00f3nio Guterres, &hellip; <a href=\"https:\/\/buenostratos-blog.larioja.org\/?p=1614\">Sigue leyendo <span class=\"meta-nav\">&rarr;<\/span><\/a><\/p>\n","protected":false},"author":2,"featured_media":0,"comment_status":"open","ping_status":"closed","sticky":false,"template":"","format":"standard","meta":{"footnotes":""},"categories":[13,1],"tags":[],"_links":{"self":[{"href":"https:\/\/buenostratos-blog.larioja.org\/index.php?rest_route=\/wp\/v2\/posts\/1614"}],"collection":[{"href":"https:\/\/buenostratos-blog.larioja.org\/index.php?rest_route=\/wp\/v2\/posts"}],"about":[{"href":"https:\/\/buenostratos-blog.larioja.org\/index.php?rest_route=\/wp\/v2\/types\/post"}],"author":[{"embeddable":true,"href":"https:\/\/buenostratos-blog.larioja.org\/index.php?rest_route=\/wp\/v2\/users\/2"}],"replies":[{"embeddable":true,"href":"https:\/\/buenostratos-blog.larioja.org\/index.php?rest_route=%2Fwp%2Fv2%2Fcomments&post=1614"}],"version-history":[{"count":8,"href":"https:\/\/buenostratos-blog.larioja.org\/index.php?rest_route=\/wp\/v2\/posts\/1614\/revisions"}],"predecessor-version":[{"id":2508,"href":"https:\/\/buenostratos-blog.larioja.org\/index.php?rest_route=\/wp\/v2\/posts\/1614\/revisions\/2508"}],"wp:attachment":[{"href":"https:\/\/buenostratos-blog.larioja.org\/index.php?rest_route=%2Fwp%2Fv2%2Fmedia&parent=1614"}],"wp:term":[{"taxonomy":"category","embeddable":true,"href":"https:\/\/buenostratos-blog.larioja.org\/index.php?rest_route=%2Fwp%2Fv2%2Fcategories&post=1614"},{"taxonomy":"post_tag","embeddable":true,"href":"https:\/\/buenostratos-blog.larioja.org\/index.php?rest_route=%2Fwp%2Fv2%2Ftags&post=1614"}],"curies":[{"name":"wp","href":"https:\/\/api.w.org\/{rel}","templated":true}]}}