{"id":1608,"date":"2017-02-24T09:41:49","date_gmt":"2017-02-24T09:41:49","guid":{"rendered":"http:\/\/buenostratos-blog.larioja.org\/?p=1608"},"modified":"2019-12-17T11:38:37","modified_gmt":"2019-12-17T11:38:37","slug":"feliz-dia-de-la-comunidad-educativa","status":"publish","type":"post","link":"https:\/\/buenostratos-blog.larioja.org\/?p=1608","title":{"rendered":"\u00a1Feliz D\u00eda de la Comunidad Educativa!"},"content":{"rendered":"<p>&nbsp;<\/p>\n<p style=\"text-align: justify;\">Hoy celebramos el <strong><span style=\"color: #800080;\">D\u00eda de la Comunidad Educativa.<\/span><\/strong> Una festividad que sirve para rendir homenaje a uno de los sectores, el de la Educaci\u00f3n, fundamentales para el desarrollo de la sociedad.<\/p>\n<p style=\"text-align: justify;\"><a href=\"http:\/\/buenostratos-blog.larioja.org\/wp-content\/uploads\/2017\/02\/comunidad-educativa.jpg\"><img loading=\"lazy\" decoding=\"async\" class=\" size-full wp-image-1609 alignright\" src=\"http:\/\/buenostratos-blog.larioja.org\/wp-content\/uploads\/2017\/02\/comunidad-educativa.jpg\" alt=\"comunidad educativa\" width=\"296\" height=\"170\" \/><\/a>Desde el Programa de Buenos Tratos queremos reconocer la tarea del <span style=\"color: #800080;\">profesorado<\/span> por su esfuerzo y compromiso, as\u00ed como a las<span style=\"color: #800080;\"> familias<\/span> que son la primera instancia socializadora que influye en el desarrollo integral de la ni\u00f1ez, as\u00ed como en la transmisi\u00f3n de valores.<\/p>\n<p style=\"text-align: justify;\">Un d\u00eda que sirve de tributo a todos los hombres y mujeres que con su trabajo y entrega contribuyen a que la ciudadan\u00eda est\u00e9 mejor formada intelectual y moralmente.<\/p>\n<p style=\"text-align: justify;\">Os agradecemos vuestra implicaci\u00f3n y os animamos a continuar con el fin de aumentar la pr\u00e1ctica de los <strong><span style=\"color: #800080;\">\u00abBuenos Tratos\u00bb<\/span><\/strong> en nuestra comunidad educativa.<\/p>\n<p><span style=\"color: #800080;\"><strong>\u00a1 FELIZ D\u00cdA !<\/strong><\/span><\/p>\n<p>&nbsp;<\/p>\n<p>&nbsp;<\/p>\n<p>&nbsp;<\/p>\n<p>&nbsp;<\/p>\n<p>&nbsp;<\/p>\n","protected":false},"excerpt":{"rendered":"<p>&nbsp; Hoy celebramos el D\u00eda de la Comunidad Educativa. Una festividad que sirve para rendir homenaje a uno de los sectores, el de la Educaci\u00f3n, fundamentales para el desarrollo de la sociedad. Desde el Programa de Buenos Tratos queremos reconocer &hellip; <a href=\"https:\/\/buenostratos-blog.larioja.org\/?p=1608\">Sigue leyendo <span class=\"meta-nav\">&rarr;<\/span><\/a><\/p>\n","protected":false},"author":2,"featured_media":0,"comment_status":"open","ping_status":"closed","sticky":false,"template":"","format":"standard","meta":{"footnotes":""},"categories":[13],"tags":[],"_links":{"self":[{"href":"https:\/\/buenostratos-blog.larioja.org\/index.php?rest_route=\/wp\/v2\/posts\/1608"}],"collection":[{"href":"https:\/\/buenostratos-blog.larioja.org\/index.php?rest_route=\/wp\/v2\/posts"}],"about":[{"href":"https:\/\/buenostratos-blog.larioja.org\/index.php?rest_route=\/wp\/v2\/types\/post"}],"author":[{"embeddable":true,"href":"https:\/\/buenostratos-blog.larioja.org\/index.php?rest_route=\/wp\/v2\/users\/2"}],"replies":[{"embeddable":true,"href":"https:\/\/buenostratos-blog.larioja.org\/index.php?rest_route=%2Fwp%2Fv2%2Fcomments&post=1608"}],"version-history":[{"count":1,"href":"https:\/\/buenostratos-blog.larioja.org\/index.php?rest_route=\/wp\/v2\/posts\/1608\/revisions"}],"predecessor-version":[{"id":1610,"href":"https:\/\/buenostratos-blog.larioja.org\/index.php?rest_route=\/wp\/v2\/posts\/1608\/revisions\/1610"}],"wp:attachment":[{"href":"https:\/\/buenostratos-blog.larioja.org\/index.php?rest_route=%2Fwp%2Fv2%2Fmedia&parent=1608"}],"wp:term":[{"taxonomy":"category","embeddable":true,"href":"https:\/\/buenostratos-blog.larioja.org\/index.php?rest_route=%2Fwp%2Fv2%2Fcategories&post=1608"},{"taxonomy":"post_tag","embeddable":true,"href":"https:\/\/buenostratos-blog.larioja.org\/index.php?rest_route=%2Fwp%2Fv2%2Ftags&post=1608"}],"curies":[{"name":"wp","href":"https:\/\/api.w.org\/{rel}","templated":true}]}}