{"id":1502,"date":"2016-11-28T09:30:28","date_gmt":"2016-11-28T09:30:28","guid":{"rendered":"http:\/\/buenostratos-blog.larioja.org\/?p=1502"},"modified":"2019-12-17T11:38:37","modified_gmt":"2019-12-17T11:38:37","slug":"feliz-dia-del-maestro","status":"publish","type":"post","link":"https:\/\/buenostratos-blog.larioja.org\/?p=1502","title":{"rendered":"\u00a1Feliz D\u00eda del Maestro!"},"content":{"rendered":"<p style=\"text-align: justify;\">El 27 de noviembre se celebr\u00f3 en Espa\u00f1a el D\u00eda del Maestro, jornada dedicada a los docentes.<\/p>\n<p style=\"text-align: justify;\">La fecha fue elegida para celebrar al patr\u00f3n de los profesores, San Jos\u00e9 de Calasanz, sacerdote, pedagogo y precursor de la educaci\u00f3n moderna a trav\u00e9s de la primera escuela cristiana popular y gratuita en Europa. Las escuelas P\u00edas, que fund\u00f3 en el siglo XVII, se encuentran repartidas hoy por todo el mundo.<a href=\"http:\/\/www.google.com\/logos\/doodles\/2016\/teachers-day-2016-espana-5636661977284608-hp2x.gif\"><img loading=\"lazy\" decoding=\"async\" class=\"alignright wp-image-1503 size-medium\" src=\"http:\/\/buenostratos-blog.larioja.org\/wp-content\/uploads\/2016\/11\/teachers-day-2016-espana-5636661977284608-hp2x-300x150.gif\" alt=\"teachers-day-2016-espana-5636661977284608-hp2x\" width=\"300\" height=\"150\" srcset=\"https:\/\/buenostratos-blog.larioja.org\/wp-content\/uploads\/2016\/11\/teachers-day-2016-espana-5636661977284608-hp2x-300x150.gif 300w, https:\/\/buenostratos-blog.larioja.org\/wp-content\/uploads\/2016\/11\/teachers-day-2016-espana-5636661977284608-hp2x-500x250.gif 500w\" sizes=\"(max-width: 300px) 100vw, 300px\" \/><\/a><\/p>\n<p style=\"text-align: justify;\">El aragon\u00e9s Jos\u00e9 de Calasanz Gast\u00f3n (Peralta de la Sal, 11 de septiembre de 1556 o de 1557 &#8211; Roma, 25 de agosto de 1648) defendi\u00f3 la <span style=\"color: #800080;\">universalizaci\u00f3n de la ense\u00f1anza<\/span> y la utilizaci\u00f3n de la lengua nacional de cada pa\u00eds de la Europa cat\u00f3lica, acompa\u00f1ada por el lat\u00edn, que era el idioma educativo preponderante de la \u00e9poca. Su teor\u00eda se expandi\u00f3 gracias a las m\u00e1s de 10.000 cartas que escribi\u00f3 y a los documentos y reglamentos de car\u00e1cter pr\u00e1ctico, donde asent\u00f3 la fundaci\u00f3n, organizaci\u00f3n y funcionamiento de los centros y la congregaci\u00f3n. Entre otras ense\u00f1anzas, sistematiz\u00f3 la educaci\u00f3n escolar por niveles y ciclos de primaria y tambi\u00e9n de formaci\u00f3n profesional.<\/p>\n<p>Os adjuntamos el \u00abDec\u00e1logo del Maestro\u00bb\u00a0 de Gabriela Mistral, Nobel en 1945, que se ha hecho c\u00e9lebre entre los docentes y que hoy recordamos en el<span style=\"color: #800080;\"><a style=\"color: #800080;\" href=\"https:\/\/www.google.es\/#safe=off&amp;q=D%C3%ADa+del+maestro&amp;oi=ddle&amp;hl=es\" target=\"_blank\" rel=\"noopener noreferrer\"> Dia del Maestro<\/a><\/span><\/p>\n<p><strong><span style=\"color: #800080;\">1. Ama<\/span>. <\/strong>Si no puedes amar mucho, no ense\u00f1es a ni\u00f1os.<\/p>\n<p><span style=\"color: #800080;\"><strong>2. Simplifica<\/strong><\/span>. Saber es simplificar sin quitar esencia.<\/p>\n<p><span style=\"color: #800080;\"><strong>3. Insiste<\/strong><\/span>. Repite como la naturaleza repite las especies hasta alcanzar la perfecci\u00f3n.<\/p>\n<p><span style=\"color: #800080;\"><strong>4. Ense\u00f1a<\/strong><\/span> con intenci\u00f3n de hermosura, porque la hermosura es madre.<\/p>\n<p><span style=\"color: #800080;\"><strong>5. Maestro<\/strong><\/span>,<span style=\"color: #800080;\"><strong> s\u00e9 fervoroso<\/strong><\/span>. Para encender l\u00e1mparas basta llevar fuego en el coraz\u00f3n.<\/p>\n<p><span style=\"color: #800080;\"><strong>6. Vivifica <\/strong><\/span>tu clase. Cada lecci\u00f3n ha de ser viva como un ser.<\/p>\n<p><strong><span style=\"color: #800080;\">7<\/span>. <\/strong>Acu\u00e9rdate de que <span style=\"color: #800080;\"><strong>tu oficio no es mercanc\u00eda sino oficio divino<\/strong>.<\/span><\/p>\n<p><span style=\"color: #800080;\"><strong>8<\/strong><\/span>. Acu\u00e9rdate. <span style=\"color: #800080;\"><strong>Para dar hay que tener mucho.<\/strong><\/span><\/p>\n<p><span style=\"color: #800080;\"><strong>9<\/strong><\/span>. Antes de dictar tu lecci\u00f3n cotidiana <span style=\"color: #800080;\"><strong>mira a tu coraz\u00f3n <\/strong><\/span>y ve si est\u00e1 puro.<\/p>\n<p><strong><span style=\"color: #800080;\">10<\/span><\/strong>. Piensa en que Dios se ha puesto a <span style=\"color: #800080;\"><strong>crear el mundo de ma\u00f1ana.<\/strong><\/span><\/p>\n<p style=\"text-align: justify;\">\n","protected":false},"excerpt":{"rendered":"<p>El 27 de noviembre se celebr\u00f3 en Espa\u00f1a el D\u00eda del Maestro, jornada dedicada a los docentes. La fecha fue elegida para celebrar al patr\u00f3n de los profesores, San Jos\u00e9 de Calasanz, sacerdote, pedagogo y precursor de la educaci\u00f3n moderna &hellip; <a href=\"https:\/\/buenostratos-blog.larioja.org\/?p=1502\">Sigue leyendo <span class=\"meta-nav\">&rarr;<\/span><\/a><\/p>\n","protected":false},"author":2,"featured_media":0,"comment_status":"open","ping_status":"closed","sticky":false,"template":"","format":"standard","meta":{"footnotes":""},"categories":[1,3],"tags":[],"_links":{"self":[{"href":"https:\/\/buenostratos-blog.larioja.org\/index.php?rest_route=\/wp\/v2\/posts\/1502"}],"collection":[{"href":"https:\/\/buenostratos-blog.larioja.org\/index.php?rest_route=\/wp\/v2\/posts"}],"about":[{"href":"https:\/\/buenostratos-blog.larioja.org\/index.php?rest_route=\/wp\/v2\/types\/post"}],"author":[{"embeddable":true,"href":"https:\/\/buenostratos-blog.larioja.org\/index.php?rest_route=\/wp\/v2\/users\/2"}],"replies":[{"embeddable":true,"href":"https:\/\/buenostratos-blog.larioja.org\/index.php?rest_route=%2Fwp%2Fv2%2Fcomments&post=1502"}],"version-history":[{"count":2,"href":"https:\/\/buenostratos-blog.larioja.org\/index.php?rest_route=\/wp\/v2\/posts\/1502\/revisions"}],"predecessor-version":[{"id":2512,"href":"https:\/\/buenostratos-blog.larioja.org\/index.php?rest_route=\/wp\/v2\/posts\/1502\/revisions\/2512"}],"wp:attachment":[{"href":"https:\/\/buenostratos-blog.larioja.org\/index.php?rest_route=%2Fwp%2Fv2%2Fmedia&parent=1502"}],"wp:term":[{"taxonomy":"category","embeddable":true,"href":"https:\/\/buenostratos-blog.larioja.org\/index.php?rest_route=%2Fwp%2Fv2%2Fcategories&post=1502"},{"taxonomy":"post_tag","embeddable":true,"href":"https:\/\/buenostratos-blog.larioja.org\/index.php?rest_route=%2Fwp%2Fv2%2Ftags&post=1502"}],"curies":[{"name":"wp","href":"https:\/\/api.w.org\/{rel}","templated":true}]}}