{"id":1495,"date":"2016-11-21T09:58:22","date_gmt":"2016-11-21T09:58:22","guid":{"rendered":"http:\/\/buenostratos-blog.larioja.org\/?p=1495"},"modified":"2019-12-17T11:38:37","modified_gmt":"2019-12-17T11:38:37","slug":"laboratorio-teatral-distintos-pero-iguales","status":"publish","type":"post","link":"https:\/\/buenostratos-blog.larioja.org\/?p=1495","title":{"rendered":"Laboratorio teatral \u2018Distintos pero Iguales\u2019."},"content":{"rendered":"<p class=\"cmParagraph\" style=\"text-align: justify;\">El consejero de Pol\u00edticas Sociales, Familia, Igualdad y Justicia, <span style=\"color: #800080;\">Conrado Escobar<\/span>,\u00a0y\u00a0 <span style=\"color: #800080;\">Carmen Corral,<\/span> Directora General de Servicios Sociales asistieron el pasado viernes 18 de noviembre al <span style=\"color: #800080;\">colegio Paula Montal de Logro\u00f1o<\/span>, al taller del<span style=\"color: #800080;\"><strong> laboratorio teatral \u2018Distintos pero iguales\u2019,<\/strong><\/span> en el que participaron cincuenta alumnos y alumnas del mencionado centro.<a href=\"http:\/\/buenostratos-blog.larioja.org\/wp-content\/uploads\/2016\/11\/Dia-de-la-infancia1.jpg\"><img loading=\"lazy\" decoding=\"async\" class=\"alignright wp-image-1496 size-medium\" src=\"http:\/\/buenostratos-blog.larioja.org\/wp-content\/uploads\/2016\/11\/Dia-de-la-infancia1-300x225.jpg\" alt=\"Dia de la infancia1\" width=\"300\" height=\"225\" srcset=\"https:\/\/buenostratos-blog.larioja.org\/wp-content\/uploads\/2016\/11\/Dia-de-la-infancia1-300x225.jpg 300w, https:\/\/buenostratos-blog.larioja.org\/wp-content\/uploads\/2016\/11\/Dia-de-la-infancia1-1024x768.jpg 1024w, https:\/\/buenostratos-blog.larioja.org\/wp-content\/uploads\/2016\/11\/Dia-de-la-infancia1-400x300.jpg 400w\" sizes=\"(max-width: 300px) 100vw, 300px\" \/><\/a><\/p>\n<p class=\"cmParagraph\" style=\"text-align: justify;\">Este taller,<span style=\"color: #800080;\"> integrado<\/span> en el <span style=\"color: #800080;\"><strong>programa Buenos Tratos,<\/strong><\/span> se sirve del teatro para inculcar <span style=\"color: #800080;\">conductas positivas<\/span> a los ni\u00f1os y ni\u00f1as. De esta forma, a trav\u00e9s del<span style=\"color: #800080;\"> ensayo, la experimentaci\u00f3n y el juego dram\u00e1tico<\/span> ellos<span style=\"color: #800080;\"> interiorizan soluciones a conflictos<\/span> que surgen en su vida diaria y <span style=\"color: #800080;\">hacen propios valores como el respeto, la tolerancia y la convivencia pac\u00edfica.<\/span><\/p>\n<p class=\"cmParagraph\" style=\"text-align: justify;\">Con motivo de la <strong><span style=\"color: #800080;\">celebraci\u00f3n del D\u00eda Internacional del Ni\u00f1o<\/span><\/strong>, durante el acto,\u00a0 el alumnado del colegio Paula Montal han reflexionado sobre sus derechos: el derecho a que no les peguen ni les insulten; a una educaci\u00f3n; a que les traten bien, a que no se hieran sus sentimientos y a no sufrir abusos. Tambi\u00e9n sobre la obligaci\u00f3n que tienen entre ellos de tratarse con respecto, de hacer las paces cuando se pelean y de pedirse perd\u00f3n cuando se equivocan.<\/p>\n<p class=\"cmParagraph\" style=\"text-align: justify;\">Los ni\u00f1os y ni\u00f1as han le\u00eddo sus reflexiones sobre estos temas y han celebrado un teatro-forum en el que han debatido sus puntos de vista.<\/p>\n<p class=\"cmParagraph\" style=\"text-align: justify;\">El programa de<strong><span style=\"color: #800080;\"> Buenos Tratos<\/span><\/strong> es una iniciativa del Gobierno de La Rioja para <span style=\"color: #800080;\">educar en valores de convivencia<\/span> de forma pr\u00e1ctica y l\u00fadica, adem\u00e1s de divulgar la cultura del <span style=\"color: #800080;\">respeto,<\/span> promover la<span style=\"color: #800080;\"> resoluci\u00f3n constructiva de conflictos<\/span> y fomentar la <span style=\"color: #800080;\">educaci\u00f3n en igualdad.<\/span><\/p>\n<p class=\"cmParagraph\" style=\"text-align: justify;\">\u00a0<a href=\"https:\/\/www.facebook.com\/programabuenostratos\/\">V\u00eddeo<\/a><\/p>\n","protected":false},"excerpt":{"rendered":"<p>El consejero de Pol\u00edticas Sociales, Familia, Igualdad y Justicia, Conrado Escobar,\u00a0y\u00a0 Carmen Corral, Directora General de Servicios Sociales asistieron el pasado viernes 18 de noviembre al colegio Paula Montal de Logro\u00f1o, al taller del laboratorio teatral \u2018Distintos pero iguales\u2019, en &hellip; <a href=\"https:\/\/buenostratos-blog.larioja.org\/?p=1495\">Sigue leyendo <span class=\"meta-nav\">&rarr;<\/span><\/a><\/p>\n","protected":false},"author":2,"featured_media":0,"comment_status":"open","ping_status":"closed","sticky":false,"template":"","format":"standard","meta":{"footnotes":""},"categories":[13,1],"tags":[],"_links":{"self":[{"href":"https:\/\/buenostratos-blog.larioja.org\/index.php?rest_route=\/wp\/v2\/posts\/1495"}],"collection":[{"href":"https:\/\/buenostratos-blog.larioja.org\/index.php?rest_route=\/wp\/v2\/posts"}],"about":[{"href":"https:\/\/buenostratos-blog.larioja.org\/index.php?rest_route=\/wp\/v2\/types\/post"}],"author":[{"embeddable":true,"href":"https:\/\/buenostratos-blog.larioja.org\/index.php?rest_route=\/wp\/v2\/users\/2"}],"replies":[{"embeddable":true,"href":"https:\/\/buenostratos-blog.larioja.org\/index.php?rest_route=%2Fwp%2Fv2%2Fcomments&post=1495"}],"version-history":[{"count":5,"href":"https:\/\/buenostratos-blog.larioja.org\/index.php?rest_route=\/wp\/v2\/posts\/1495\/revisions"}],"predecessor-version":[{"id":1501,"href":"https:\/\/buenostratos-blog.larioja.org\/index.php?rest_route=\/wp\/v2\/posts\/1495\/revisions\/1501"}],"wp:attachment":[{"href":"https:\/\/buenostratos-blog.larioja.org\/index.php?rest_route=%2Fwp%2Fv2%2Fmedia&parent=1495"}],"wp:term":[{"taxonomy":"category","embeddable":true,"href":"https:\/\/buenostratos-blog.larioja.org\/index.php?rest_route=%2Fwp%2Fv2%2Fcategories&post=1495"},{"taxonomy":"post_tag","embeddable":true,"href":"https:\/\/buenostratos-blog.larioja.org\/index.php?rest_route=%2Fwp%2Fv2%2Ftags&post=1495"}],"curies":[{"name":"wp","href":"https:\/\/api.w.org\/{rel}","templated":true}]}}