{"id":1487,"date":"2016-11-17T10:28:14","date_gmt":"2016-11-17T10:28:14","guid":{"rendered":"http:\/\/buenostratos-blog.larioja.org\/?p=1487"},"modified":"2019-12-17T11:38:37","modified_gmt":"2019-12-17T11:38:37","slug":"dia-universal-de-la-infancia","status":"publish","type":"post","link":"https:\/\/buenostratos-blog.larioja.org\/?p=1487","title":{"rendered":"D\u00eda Universal de la Infancia."},"content":{"rendered":"<p class=\"cmParagraph\" style=\"text-align: justify;\"><a href=\"http:\/\/buenostratos-blog.larioja.org\/wp-content\/uploads\/2016\/11\/Dia-de-la-infancia.png\"><img loading=\"lazy\" decoding=\"async\" class=\"alignright wp-image-1489 size-medium\" src=\"http:\/\/buenostratos-blog.larioja.org\/wp-content\/uploads\/2016\/11\/Dia-de-la-infancia-300x103.png\" alt=\"Dia de la infancia\" width=\"300\" height=\"103\" srcset=\"https:\/\/buenostratos-blog.larioja.org\/wp-content\/uploads\/2016\/11\/Dia-de-la-infancia-300x103.png 300w, https:\/\/buenostratos-blog.larioja.org\/wp-content\/uploads\/2016\/11\/Dia-de-la-infancia-500x171.png 500w, https:\/\/buenostratos-blog.larioja.org\/wp-content\/uploads\/2016\/11\/Dia-de-la-infancia.png 540w\" sizes=\"(max-width: 300px) 100vw, 300px\" \/><\/a>Con motivo de la celebraci\u00f3n del <span style=\"color: #800080;\"><strong>D\u00eda Universal de la Infancia<\/strong><\/span>, que cada a\u00f1o se celebra el 20 de noviembre, en el a\u00f1o 2016, el Gobierno de La Rioja ha promovido el <strong><span style=\"color: #800080;\">VIII Concurso de Carteles \u00abD\u00eda de la Infancia\u00bb<\/span><\/strong><span style=\"color: #800080;\">.<\/span> El objetivo fundamental, enmarcado dentro del III Plan Integral de Infancia, es difundir <a class=\"cmNavContentLink\" title=\"Los derechos del ni\u00f1o\" href=\"http:\/\/www.larioja.org\/servicios-sociales\/es\/infancia\/derechos-nino\">los derechos de los menores<\/a>, su contenido y alcance, as\u00ed como fomentar la sensibilizaci\u00f3n de la sociedad sobre los derechos y necesidades de la infancia y la adolescencia.<\/p>\n<p class=\"cmParagraph\">Este a\u00f1o hemos trabajado el <strong><span style=\"color: #800080;\">DERECHO A LA NO EXPLOTACI\u00d3N.<\/span><br \/>\n<\/strong><\/p>\n<p class=\"cmParagraph\" style=\"text-align: justify;\">Al concurso de carteles se han presentado 44 trabajos realizados por alumnos de 5\u00ba de primaria que corresponden a 10 colegios de la Comunidad Aut\u00f3noma de La Rioja. El cartel ganador corresponde al <span style=\"color: #800080;\"><strong>C.E.I.P. Doctor Castroviejo de Logro\u00f1o<\/strong>.<\/span><\/p>\n<p class=\"cmParagraph\">El premio consiste en <span style=\"color: #800080;\"><strong>1.500 euros en material escolar.<\/strong><\/span><\/p>\n<p class=\"cmParagraph\"><strong><a title=\"Descarga del fichero &quot;VIII Concurso de carteles (Carteles participantes)&quot; en formato &quot;Documento PDF&quot; y tama\u00f1o 3.5 MB.  Este enlace se abrir\u00e1 en una ventana nueva.\" href=\"http:\/\/www.larioja.org\/larioja-client\/cm\/servicios-sociales\/images?idMmedia=843462\">Carteles presentados y cartel ganador<\/a><\/strong> <sub>[pdf &#8211; 3,98 Mb]<\/sub><\/p>\n<p class=\"cmParagraph\"><strong>El resto de los colegios participantes han sido:<\/strong><\/p>\n<ol>\n<li>C.E.I.P. San P\u00edo X. Logro\u00f1o<\/li>\n<li>C.E.I.P. El Arco. Logro\u00f1o<\/li>\n<li>C.E.I.P. D\u00aa Avelina Cort\u00e1zar. Alberite<\/li>\n<li>C.R.A. Cameros Nuevo. Torrecilla en Cameros<\/li>\n<li>C.E.I.P. S\u00e1enz de Tejada. Quel<\/li>\n<li>C.E.I.P. Caballero de la Rosa. Logro\u00f1o<\/li>\n<li>C.E.I.P. Duquesa de la Victoria. Logro\u00f1o<\/li>\n<li>C.P.E.I.P.S. Los Boscos. Logro\u00f1o<\/li>\n<li>C.E.I.P. Obispo Blanco N\u00e1jera. Logro\u00f1o<\/li>\n<\/ol>\n<h4><span style=\"color: #800080;\"><strong>Exposici\u00f3n<\/strong><\/span><\/h4>\n<p class=\"cmParagraph\">Los carteles estar\u00e1n expuestos en el <span style=\"color: #800080;\"><strong>IRJ (Instituto Riojano de la Juventud)<\/strong><\/span>, C\/ Muro de Francisco de la Mata, 8 de Logro\u00f1o, del <span style=\"color: #800080;\"><strong>14 al 20 de noviembre<\/strong>.<\/span><\/p>\n<p class=\"cmParagraph\">El horario de la sala es de <span style=\"color: #800080;\"><strong>lunes a viernes de 17:00 a 20:30 horas y el s\u00e1bado de 10:30 a 13:00 horas.<\/strong><\/span><\/p>\n","protected":false},"excerpt":{"rendered":"<p>Con motivo de la celebraci\u00f3n del D\u00eda Universal de la Infancia, que cada a\u00f1o se celebra el 20 de noviembre, en el a\u00f1o 2016, el Gobierno de La Rioja ha promovido el VIII Concurso de Carteles \u00abD\u00eda de la Infancia\u00bb. &hellip; <a href=\"https:\/\/buenostratos-blog.larioja.org\/?p=1487\">Sigue leyendo <span class=\"meta-nav\">&rarr;<\/span><\/a><\/p>\n","protected":false},"author":2,"featured_media":0,"comment_status":"open","ping_status":"closed","sticky":false,"template":"","format":"standard","meta":{"footnotes":""},"categories":[13],"tags":[],"_links":{"self":[{"href":"https:\/\/buenostratos-blog.larioja.org\/index.php?rest_route=\/wp\/v2\/posts\/1487"}],"collection":[{"href":"https:\/\/buenostratos-blog.larioja.org\/index.php?rest_route=\/wp\/v2\/posts"}],"about":[{"href":"https:\/\/buenostratos-blog.larioja.org\/index.php?rest_route=\/wp\/v2\/types\/post"}],"author":[{"embeddable":true,"href":"https:\/\/buenostratos-blog.larioja.org\/index.php?rest_route=\/wp\/v2\/users\/2"}],"replies":[{"embeddable":true,"href":"https:\/\/buenostratos-blog.larioja.org\/index.php?rest_route=%2Fwp%2Fv2%2Fcomments&post=1487"}],"version-history":[{"count":3,"href":"https:\/\/buenostratos-blog.larioja.org\/index.php?rest_route=\/wp\/v2\/posts\/1487\/revisions"}],"predecessor-version":[{"id":1491,"href":"https:\/\/buenostratos-blog.larioja.org\/index.php?rest_route=\/wp\/v2\/posts\/1487\/revisions\/1491"}],"wp:attachment":[{"href":"https:\/\/buenostratos-blog.larioja.org\/index.php?rest_route=%2Fwp%2Fv2%2Fmedia&parent=1487"}],"wp:term":[{"taxonomy":"category","embeddable":true,"href":"https:\/\/buenostratos-blog.larioja.org\/index.php?rest_route=%2Fwp%2Fv2%2Fcategories&post=1487"},{"taxonomy":"post_tag","embeddable":true,"href":"https:\/\/buenostratos-blog.larioja.org\/index.php?rest_route=%2Fwp%2Fv2%2Ftags&post=1487"}],"curies":[{"name":"wp","href":"https:\/\/api.w.org\/{rel}","templated":true}]}}