{"id":1481,"date":"2016-11-11T08:43:27","date_gmt":"2016-11-11T08:43:27","guid":{"rendered":"http:\/\/buenostratos-blog.larioja.org\/?p=1481"},"modified":"2019-12-17T11:38:37","modified_gmt":"2019-12-17T11:38:37","slug":"estudio-jovenes-y-genero","status":"publish","type":"post","link":"https:\/\/buenostratos-blog.larioja.org\/?p=1481","title":{"rendered":"Estudio \u2019J\u00f3venes y G\u00e9nero\u2019."},"content":{"rendered":"<p style=\"text-align: justify;\">El pr\u00f3ximo jueves, 17 de noviembre, el Consejo de las Mujeres del Municipio de Madrid organiza la presentaci\u00f3n del <span style=\"color: #800080;\">estudio sobre J\u00f3venes y G\u00e9nero<\/span>, editado por el Centro Reina Sof\u00eda sobre Adolescencia y Juventud de la Fundaci\u00f3n de Ayuda contra la Drogradicci\u00f3n (FAD). A las 18:30 horas, la sede del Consejo reunir\u00e1 a Anna Sanmart\u00edn, doctora en sociolog\u00eda y coordinadora del Centro Reina Sof\u00eda, y Ana Rubio, soci\u00f3loga, Mag\u00edster en Estudios de g\u00e9nero y t\u00e9cnica del mismo centro.<a href=\"http:\/\/buenostratos-blog.larioja.org\/wp-content\/uploads\/2016\/11\/joves-ceec0-625f8.png\"><img loading=\"lazy\" decoding=\"async\" class=\" size-medium wp-image-1482 alignright\" src=\"http:\/\/buenostratos-blog.larioja.org\/wp-content\/uploads\/2016\/11\/joves-ceec0-625f8-300x150.png\" alt=\"joves-ceec0-625f8\" width=\"300\" height=\"150\" srcset=\"https:\/\/buenostratos-blog.larioja.org\/wp-content\/uploads\/2016\/11\/joves-ceec0-625f8-300x150.png 300w, https:\/\/buenostratos-blog.larioja.org\/wp-content\/uploads\/2016\/11\/joves-ceec0-625f8.png 400w\" sizes=\"(max-width: 300px) 100vw, 300px\" \/><\/a><\/p>\n<p style=\"text-align: justify;\">El <span style=\"color: #800080;\">objetivo<\/span> del monogr\u00e1fico es <span style=\"color: #800080;\">analizar las actitudes y comportamientos<\/span> de los y las <span style=\"color: #800080;\">j\u00f3venes entre 15 y 29 a\u00f1os<\/span>, as\u00ed como los elementos del <span style=\"color: #800080;\">contexto en que se socializan,<\/span> siempre desde una perspectiva de g\u00e9nero. En base a esta mirada, se trata de conocer en qu\u00e9 medida existen <span style=\"color: #800080;\">diferencias entre chicas y chicos<\/span> en cuestiones relacionadas con la salud, las relaciones familiares, la sexualidad, la violencia de g\u00e9nero, la educaci\u00f3n, el acceso al empleo, los valores, el uso del tiempo libre o el uso de las TIC.<\/p>\n<p style=\"text-align: justify;\">El estudio \u2018J\u00f3venes y G\u00e9nero. El estado de la cuesti\u00f3n\u2019 ha sido elaborado a partir del <span style=\"color: #800080;\">an\u00e1lisis y la comparaci\u00f3n<\/span> de numerosas<span style=\"color: #800080;\"> fuentes secundarias, nacionales y europeas<\/span>, que miden y cuantifican todos los par\u00e1metros referidos con anterioridad: demograf\u00eda, salud, vivienda, valores\u2026<\/p>\n<p style=\"text-align: justify;\">Con estos datos, las dos encargadas de la presentaci\u00f3n del estudio nos indicar\u00e1n el punto en el que estamos, en qu\u00e9 hemos avanzado y qu\u00e9 queda como tarea pendiente, cu\u00e1les son las dificultades que obstaculizan el desarrollo y qu\u00e9 elementos son los que congelan el cambio impidiendo la progresi\u00f3n.<\/p>\n<p style=\"text-align: justify;\"><span style=\"color: #800080;\"><strong>Violencia de g\u00e9nero en j\u00f3venes<\/strong><\/span><br \/>\nA pesar de los innegables <span style=\"color: #800080;\">avances en la mayor\u00eda de las tem\u00e1ticas abordadas<\/span>, la <span style=\"color: #800080;\">violencia<\/span> de<span style=\"color: #800080;\"> g\u00e9nero<\/span> presenta unos <span style=\"color: #800080;\">datos algo negativos<\/span>. El estudio revela que especialmente los chicos de la franja entre 12 y 24 a\u00f1os se muestran \u201cbastante o muy de acuerdo\u201d con <span style=\"color: #800080;\">algunos de los comportamientos machistas, sexistas o violentos.<\/span><\/p>\n<p style=\"text-align: justify;\">Entre estas actitudes se puede destacar que estos j\u00f3venes est\u00e1n de acuerdo con sentencias como \u201cEst\u00e1 justificado agredir\/amenazar a alguien que te ha quitado lo que era tuyo\u201d, \u201cUn buen padre debe hacer saber al resto de su familia qui\u00e9n es el que manda\u201d, \u201cLos hombres no deben llorar\u201d o \u201cLa violencia que se produce dentro de casa es un asunto de la familia y no debe salir de ah\u00ed\u201d.<\/p>\n<p style=\"text-align: justify;\">Tambi\u00e9n es preocupante la alta cifra de \u201calgo de acuerdo\u201d en este tipo de comportamientos ya que, de alg\u00fan modo, los est\u00e1n justificando. Estas justificaciones no hace m\u00e1s que alimentar el germen de la violencia de g\u00e9nero.<\/p>\n<p>Foto: AmecoPress<\/p>\n","protected":false},"excerpt":{"rendered":"<p>El pr\u00f3ximo jueves, 17 de noviembre, el Consejo de las Mujeres del Municipio de Madrid organiza la presentaci\u00f3n del estudio sobre J\u00f3venes y G\u00e9nero, editado por el Centro Reina Sof\u00eda sobre Adolescencia y Juventud de la Fundaci\u00f3n de Ayuda contra &hellip; <a href=\"https:\/\/buenostratos-blog.larioja.org\/?p=1481\">Sigue leyendo <span class=\"meta-nav\">&rarr;<\/span><\/a><\/p>\n","protected":false},"author":2,"featured_media":0,"comment_status":"open","ping_status":"closed","sticky":false,"template":"","format":"standard","meta":{"footnotes":""},"categories":[13,1],"tags":[],"_links":{"self":[{"href":"https:\/\/buenostratos-blog.larioja.org\/index.php?rest_route=\/wp\/v2\/posts\/1481"}],"collection":[{"href":"https:\/\/buenostratos-blog.larioja.org\/index.php?rest_route=\/wp\/v2\/posts"}],"about":[{"href":"https:\/\/buenostratos-blog.larioja.org\/index.php?rest_route=\/wp\/v2\/types\/post"}],"author":[{"embeddable":true,"href":"https:\/\/buenostratos-blog.larioja.org\/index.php?rest_route=\/wp\/v2\/users\/2"}],"replies":[{"embeddable":true,"href":"https:\/\/buenostratos-blog.larioja.org\/index.php?rest_route=%2Fwp%2Fv2%2Fcomments&post=1481"}],"version-history":[{"count":1,"href":"https:\/\/buenostratos-blog.larioja.org\/index.php?rest_route=\/wp\/v2\/posts\/1481\/revisions"}],"predecessor-version":[{"id":1483,"href":"https:\/\/buenostratos-blog.larioja.org\/index.php?rest_route=\/wp\/v2\/posts\/1481\/revisions\/1483"}],"wp:attachment":[{"href":"https:\/\/buenostratos-blog.larioja.org\/index.php?rest_route=%2Fwp%2Fv2%2Fmedia&parent=1481"}],"wp:term":[{"taxonomy":"category","embeddable":true,"href":"https:\/\/buenostratos-blog.larioja.org\/index.php?rest_route=%2Fwp%2Fv2%2Fcategories&post=1481"},{"taxonomy":"post_tag","embeddable":true,"href":"https:\/\/buenostratos-blog.larioja.org\/index.php?rest_route=%2Fwp%2Fv2%2Ftags&post=1481"}],"curies":[{"name":"wp","href":"https:\/\/api.w.org\/{rel}","templated":true}]}}