{"id":1478,"date":"2016-11-08T12:13:14","date_gmt":"2016-11-08T12:13:14","guid":{"rendered":"http:\/\/buenostratos-blog.larioja.org\/?p=1478"},"modified":"2019-12-17T11:38:37","modified_gmt":"2019-12-17T11:38:37","slug":"guia-de-facebook-para-educadores-una-herramienta-para-ensenar-y-aprender","status":"publish","type":"post","link":"https:\/\/buenostratos-blog.larioja.org\/?p=1478","title":{"rendered":"Gu\u00eda de  Facebook para educadores. Una herramienta para ense\u00f1ar y aprender."},"content":{"rendered":"<p style=\"text-align: justify;\">Os adjutnamos esta Gu\u00eda de Facebook para educadores, que creemos que puede ser una herramienta de utilidad en vuestra tarea educativa:<\/p>\n<p style=\"text-align: justify;\">Los estudiantes de hoy han crecido en un \u201c<span style=\"color: #800080;\">mundo digital<\/span>\u201d rodeados de medios sociales y tecnolog\u00edas m\u00f3viles, y como resultado, se han desarrollado <span style=\"color: #800080;\">nuevas formas de entender, aprender y procesar informaci\u00f3n<\/span>. A medida que los medios de comu<a href=\"http:\/\/buenostratos-blog.larioja.org\/wp-content\/uploads\/2016\/11\/guia-facebook.jpg\"><img loading=\"lazy\" decoding=\"async\" class=\"alignright wp-image-1479 size-medium\" src=\"http:\/\/buenostratos-blog.larioja.org\/wp-content\/uploads\/2016\/11\/guia-facebook-211x300.jpg\" alt=\"guia facebook\" width=\"211\" height=\"300\" srcset=\"https:\/\/buenostratos-blog.larioja.org\/wp-content\/uploads\/2016\/11\/guia-facebook-211x300.jpg 211w, https:\/\/buenostratos-blog.larioja.org\/wp-content\/uploads\/2016\/11\/guia-facebook-720x1024.jpg 720w, https:\/\/buenostratos-blog.larioja.org\/wp-content\/uploads\/2016\/11\/guia-facebook.jpg 1196w\" sizes=\"(max-width: 211px) 100vw, 211px\" \/><\/a>nicaci\u00f3n sociales van evolucionando, los profesores tienen que encontrar nuevas e innovadoras maneras de aprovechar el poder de estas tecnolog\u00edas para mejorar su plan de estudios, y apoyar diferentes estilos de aprendizaje.<\/p>\n<p style=\"text-align: justify;\">Los educadores est\u00e1n empezando a darse cuenta del <span style=\"color: #800080;\">gran potencial que Facebook<\/span> tiene en el aula, no tanto como una distracci\u00f3n, sino <span style=\"color: #800080;\">como una herramienta de aprendizaje colaborativa<\/span> para estudiantes en colegios y universidades. Creemos que el hecho de ofrecer a la gente un acceso a las plataformas digitales en estos entornos de aprendizaje, les <span style=\"color: #800080;\">proporciona las habilidades b\u00e1sicas y esenciales<\/span> que les permiten saber navegar en el mundo digital y ser ciudadanos digitales totalmente preparados para afrontar este reto.<br \/>\nEn nuestra opini\u00f3n, Facebook es una herramienta clave para la ense\u00f1anza y el aprendizaje en el siglo XXI para hacer que la educaci\u00f3n sea m\u00e1s social. Se trata de una <span style=\"color: #800080;\">\u201ccaja de herramientas\u201d<\/span> esencial <span style=\"color: #800080;\">para los educadores<\/span> que ya est\u00e1 siendo utilizada en escuelas, colegios y universidades de toda Espa\u00f1a, Reino Unido y alrededor del mundo. Es en este esp\u00edritu que hemos tratado de ampliar nuestro trabajo en el campo de la educaci\u00f3n en Espa\u00f1a.<\/p>\n<div style=\"text-align: justify;\" data-canvas-width=\"151.59557751362388\">Esta Gu\u00eda de Facebook para educadores <span style=\"color: #800080;\">est\u00e1 destinada<\/span> a servir <span style=\"color: #800080;\">como un recurso<\/span> para obtener<span style=\"color: #800080;\"> informaci\u00f3n<\/span> acerca de c\u00f3mo los educadores pueden utilizar Facebook. Desde la creaci\u00f3n de una Biograf\u00eda o de Grupos de Facebook para apoyar la ense\u00f1anza de cualquier materia curricular, ofrecer a los profesores la posibilidad de compartir ideas y experiencias educativas entre ellos, organizar un debate sobre un tema hist\u00f3rico o de actualidad hasta incluso organizar un equipo deportivo o actividad extraescolar.<\/div>\n<div style=\"text-align: justify;\" data-canvas-width=\"371.7139578951611\">Esta Gu\u00eda examina la manera en que Facebook puede ser utilizado en el sistema educativo dentro y fuera de las aulas. La Gu\u00eda incluye casos de estudio, con ejemplos reales de escuelas y colegios de Espa\u00f1a y del Reino Unido para mostrar como la experiencia educativa para los profesores y los estudiantes en las escuelas ha sido positiva y productiva.<\/div>\n<div style=\"text-align: justify;\" data-canvas-width=\"142.41470847136458\">Esperamos que esta Gu\u00eda sirva para acompa\u00f1arles en un nuevo y emocionante viaje en la ense\u00f1anza y el aprendizaje y ayudarles a entender c\u00f3mo Facebook puede ser utilizado como un <span style=\"color: #800080;\">recurso valioso en la educaci\u00f3n<\/span> y aprovechar su potencial para mejorar los resultados del aprendizaje para nuestras futuras generaciones.<\/div>\n<div style=\"text-align: justify;\" data-canvas-width=\"142.41470847136458\">Natalia Basterrechea<\/div>\n<div style=\"text-align: justify;\" data-canvas-width=\"142.41470847136458\"><a href=\"http:\/\/www.ednfoundation.org\/wp-content\/uploads\/Facebookguidespanish.pdf\">Gu\u00eda<\/a><\/div>\n","protected":false},"excerpt":{"rendered":"<p>Os adjutnamos esta Gu\u00eda de Facebook para educadores, que creemos que puede ser una herramienta de utilidad en vuestra tarea educativa: Los estudiantes de hoy han crecido en un \u201cmundo digital\u201d rodeados de medios sociales y tecnolog\u00edas m\u00f3viles, y como &hellip; <a href=\"https:\/\/buenostratos-blog.larioja.org\/?p=1478\">Sigue leyendo <span class=\"meta-nav\">&rarr;<\/span><\/a><\/p>\n","protected":false},"author":2,"featured_media":0,"comment_status":"open","ping_status":"closed","sticky":false,"template":"","format":"standard","meta":{"footnotes":""},"categories":[13,3],"tags":[],"_links":{"self":[{"href":"https:\/\/buenostratos-blog.larioja.org\/index.php?rest_route=\/wp\/v2\/posts\/1478"}],"collection":[{"href":"https:\/\/buenostratos-blog.larioja.org\/index.php?rest_route=\/wp\/v2\/posts"}],"about":[{"href":"https:\/\/buenostratos-blog.larioja.org\/index.php?rest_route=\/wp\/v2\/types\/post"}],"author":[{"embeddable":true,"href":"https:\/\/buenostratos-blog.larioja.org\/index.php?rest_route=\/wp\/v2\/users\/2"}],"replies":[{"embeddable":true,"href":"https:\/\/buenostratos-blog.larioja.org\/index.php?rest_route=%2Fwp%2Fv2%2Fcomments&post=1478"}],"version-history":[{"count":1,"href":"https:\/\/buenostratos-blog.larioja.org\/index.php?rest_route=\/wp\/v2\/posts\/1478\/revisions"}],"predecessor-version":[{"id":1480,"href":"https:\/\/buenostratos-blog.larioja.org\/index.php?rest_route=\/wp\/v2\/posts\/1478\/revisions\/1480"}],"wp:attachment":[{"href":"https:\/\/buenostratos-blog.larioja.org\/index.php?rest_route=%2Fwp%2Fv2%2Fmedia&parent=1478"}],"wp:term":[{"taxonomy":"category","embeddable":true,"href":"https:\/\/buenostratos-blog.larioja.org\/index.php?rest_route=%2Fwp%2Fv2%2Fcategories&post=1478"},{"taxonomy":"post_tag","embeddable":true,"href":"https:\/\/buenostratos-blog.larioja.org\/index.php?rest_route=%2Fwp%2Fv2%2Ftags&post=1478"}],"curies":[{"name":"wp","href":"https:\/\/api.w.org\/{rel}","templated":true}]}}