{"id":1461,"date":"2016-10-11T11:45:35","date_gmt":"2016-10-11T11:45:35","guid":{"rendered":"http:\/\/buenostratos-blog.larioja.org\/?p=1461"},"modified":"2019-12-17T11:38:37","modified_gmt":"2019-12-17T11:38:37","slug":"dia-internacional-de-la-nina","status":"publish","type":"post","link":"https:\/\/buenostratos-blog.larioja.org\/?p=1461","title":{"rendered":"Logro\u00f1o celebrar\u00e1 el D\u00eda Internacional de la Ni\u00f1a &#8216;ti\u00f1endo&#8217; de rosa la fuente de Murrieta."},"content":{"rendered":"<p style=\"text-align: justify;\">En la actualidad hay 1.100 millones de ni\u00f1as, un poderoso grupo que puede dar forma a un mundo sostenible y mejor para todas las personas; millones de ni\u00f1as talentosas y creativas. Sin embargo, sus sue\u00f1os y potencial pueden verse frustrados por la discriminaci\u00f3n, la violencia y la falta de oportunidades. Hay claras brechas en los \u00e1mbitos de la recolecci\u00f3n de datos y la toma de conciencia sobre las necesidades espec\u00edficas de las ni\u00f1as y los problemas que enfrentan.<\/p>\n<p style=\"text-align: justify;\">Lo que se contabiliza se hace. El tema para el D\u00eda Internacional de la Ni\u00f1a de este a\u00f1o, que se celebra cada 11 de octubre, es \u201c<span style=\"color: #800080;\"><strong>Progreso de las ni\u00f1as = Progreso de los Objetivos: Datos sobre la situaci\u00f3n mundial de las ni\u00f1as\u201d<\/strong><\/span>. Este llamado a la acci\u00f3n insta a asignar <span style=\"color: #800080;\">mayores recursos a la recopilaci\u00f3n y el an\u00e1lisis<\/span><a href=\"http:\/\/buenostratos-blog.larioja.org\/wp-content\/uploads\/2016\/10\/diadelani\u00f1a.jpg\"><img loading=\"lazy\" decoding=\"async\" class=\"alignright wp-image-1462 size-medium\" src=\"http:\/\/buenostratos-blog.larioja.org\/wp-content\/uploads\/2016\/10\/diadelani\u00f1a-300x265.jpg\" alt=\"diadelani\u00f1a\" width=\"300\" height=\"265\" srcset=\"https:\/\/buenostratos-blog.larioja.org\/wp-content\/uploads\/2016\/10\/diadelani\u00f1a-300x265.jpg 300w, https:\/\/buenostratos-blog.larioja.org\/wp-content\/uploads\/2016\/10\/diadelani\u00f1a-340x300.jpg 340w, https:\/\/buenostratos-blog.larioja.org\/wp-content\/uploads\/2016\/10\/diadelani\u00f1a.jpg 898w\" sizes=\"(max-width: 300px) 100vw, 300px\" \/><\/a><span style=\"color: #800080;\"> de los datos<\/span> que se centren en las ni\u00f1as, tengan relevancia de g\u00e9nero y est\u00e9n desagregados por sexo. En el primer a\u00f1o de la Agenda 2030 para el Desarrollo Sostenible, es crucial mejorar la calidad de los datos disponibles sobre las ni\u00f1as y enfrentar los problemas que les impiden progresar, a fin de alcanzar los Objetivos de Desarrollo Sostenible.<\/p>\n<p style=\"text-align: justify;\">El <span style=\"color: #800080;\">matrimonio infantil<\/span> es uno de esos obst\u00e1culos que impide el progreso de las ni\u00f1as. Los datos son abrumadores: una de cada tres ni\u00f1as de pa\u00edses en desarrollo (a excepci\u00f3n de China) contrae matrimonio antes de los 18 a\u00f1os. Las ni\u00f1as que se casan pierden a\u00f1os de educaci\u00f3n, son m\u00e1s vulnerables a la violencia f\u00edsica y sexual y tienen hijas e hijos antes de que est\u00e9n preparadas f\u00edsica o emocionalmente. El ciclo de la violencia que comienza en la ni\u00f1ez contin\u00faa hasta la adultez y se perpet\u00faa a trav\u00e9s de las generaciones.<\/p>\n<p style=\"text-align: justify;\">ONU Mujeres trabaja en todo el mundo <span style=\"color: #800080;\">empoderando a las mujeres y las ni\u00f1as<\/span> y logrando la toma de conciencia respecto de sus derechos, promoviendo la adopci\u00f3n e implementaci\u00f3n de leyes y pol\u00edticas que proh\u00edban y prevengan el matrimonio infantil y movilizando a las comunidades para que rechacen esta pr\u00e1ctica.<\/p>\n<p style=\"text-align: justify;\"><span style=\"color: #800080;\"><strong>En el D\u00eda Internacional de la Ni\u00f1a<\/strong><\/span>, nos ponemos del lado de la comunidad mundial para poner fin al matrimonio infantil y respaldar el progreso de las ni\u00f1as en todo el mundo. Dejemos que las ni\u00f1as sean ni\u00f1as.<\/p>\n<p style=\"text-align: justify;\">La capital riojana se suma a los actos en conmemoraci\u00f3n del D\u00eda Internacional de la Ni\u00f1a, que se celebra hoy, y lo har\u00e1 con <strong><span style=\"color: #800080;\">la iluminaci\u00f3n de rosa de la fuente de Murrieta<\/span><\/strong>. De esta manera Logro\u00f1o se une a las m\u00e1s de <span style=\"color: #800080;\">22 ciudades<\/span> de toda Espa\u00f1a que se han sumado a esta iniciativa promovida por <span style=\"color: #800080;\">Plan International para defender la igualdad y los derechos de las ni\u00f1as en todo el mundo<\/span> y a la que ayer se incorpor\u00f3 tambi\u00e9n Oviedo, que iluminar\u00e1 de rosa el Teatro Campoamor.<\/p>\n<p style=\"text-align: justify;\">Junto a la fuente logro\u00f1esa y al teatro ovetense <span style=\"color: #800080;\">se iluminar\u00e1n de forma simult\u00e1nea<\/span>, a las <span style=\"color: #800080;\">20.30 horas<\/span>, el Palacio de Cibeles de Madrid, el Palacio de la Magdalena en Santander, la Catedral de Palma de Mallorca, la Puerta de Alc\u00e1ntara en Toledo, las Casas Colgadas de Cuenca y las Fuentes de Arag\u00f3n en Vigo. Tambi\u00e9n se iluminar\u00e1n el Teatro Campos El\u00edseos en Bilbao, la Muralla de \u00c1vila, el Acueducto de Segovia, la Rotonda de la C\u00fapula en Melilla, la Fuente de la Plaza de Espa\u00f1a en Sevilla, el Foso de la Almina y Murallas Reales en Ceuta, el Palacio de la Aljafer\u00eda en Zaragoza, el Cabildo de Gran Canaria y las fachadas de los Ayuntamientos de C\u00e1ceres, Santiago de Compostela, Valencia, Murcia, Granada y el Cabildo de Gran Canaria.<\/p>\n<p>Fuente: Onumujeres y Rioja.com<\/p>\n","protected":false},"excerpt":{"rendered":"<p>En la actualidad hay 1.100 millones de ni\u00f1as, un poderoso grupo que puede dar forma a un mundo sostenible y mejor para todas las personas; millones de ni\u00f1as talentosas y creativas. Sin embargo, sus sue\u00f1os y potencial pueden verse frustrados &hellip; <a href=\"https:\/\/buenostratos-blog.larioja.org\/?p=1461\">Sigue leyendo <span class=\"meta-nav\">&rarr;<\/span><\/a><\/p>\n","protected":false},"author":2,"featured_media":0,"comment_status":"open","ping_status":"closed","sticky":false,"template":"","format":"standard","meta":{"footnotes":""},"categories":[13,1],"tags":[],"_links":{"self":[{"href":"https:\/\/buenostratos-blog.larioja.org\/index.php?rest_route=\/wp\/v2\/posts\/1461"}],"collection":[{"href":"https:\/\/buenostratos-blog.larioja.org\/index.php?rest_route=\/wp\/v2\/posts"}],"about":[{"href":"https:\/\/buenostratos-blog.larioja.org\/index.php?rest_route=\/wp\/v2\/types\/post"}],"author":[{"embeddable":true,"href":"https:\/\/buenostratos-blog.larioja.org\/index.php?rest_route=\/wp\/v2\/users\/2"}],"replies":[{"embeddable":true,"href":"https:\/\/buenostratos-blog.larioja.org\/index.php?rest_route=%2Fwp%2Fv2%2Fcomments&post=1461"}],"version-history":[{"count":2,"href":"https:\/\/buenostratos-blog.larioja.org\/index.php?rest_route=\/wp\/v2\/posts\/1461\/revisions"}],"predecessor-version":[{"id":1464,"href":"https:\/\/buenostratos-blog.larioja.org\/index.php?rest_route=\/wp\/v2\/posts\/1461\/revisions\/1464"}],"wp:attachment":[{"href":"https:\/\/buenostratos-blog.larioja.org\/index.php?rest_route=%2Fwp%2Fv2%2Fmedia&parent=1461"}],"wp:term":[{"taxonomy":"category","embeddable":true,"href":"https:\/\/buenostratos-blog.larioja.org\/index.php?rest_route=%2Fwp%2Fv2%2Fcategories&post=1461"},{"taxonomy":"post_tag","embeddable":true,"href":"https:\/\/buenostratos-blog.larioja.org\/index.php?rest_route=%2Fwp%2Fv2%2Ftags&post=1461"}],"curies":[{"name":"wp","href":"https:\/\/api.w.org\/{rel}","templated":true}]}}