{"id":1456,"date":"2016-10-05T11:18:08","date_gmt":"2016-10-05T11:18:08","guid":{"rendered":"http:\/\/buenostratos-blog.larioja.org\/?p=1456"},"modified":"2019-12-17T11:38:37","modified_gmt":"2019-12-17T11:38:37","slug":"dia-mundial-de-los-docentes","status":"publish","type":"post","link":"https:\/\/buenostratos-blog.larioja.org\/?p=1456","title":{"rendered":"D\u00eda Mundial de los Docentes."},"content":{"rendered":"<p style=\"text-align: justify;\">Desde 1994, el <strong><span style=\"color: #800080;\">5 de octubre<\/span> <\/strong>se celebra el<span style=\"color: #800080;\"><strong> D\u00eda Mundial del Docente<\/strong>.<\/span> Esta fecha fue proclamada por la Organizaci\u00f3n de las Naciones Unidas para la Educaci\u00f3n, la Ciencia y la Cultura (UNESCO) y el lema de este a\u00f1o es <span style=\"color: #800080;\"><strong>\u201cValoremos al docente, mejoremos su situaci\u00f3n profesional\u201d<\/strong><\/span>. Esto expresa la necesidad que existe de apoyar a los docentes, as\u00ed como tambi\u00e9n, seg\u00fan establece uno de los Objetivos de Desarrollo Sostenible, \u201cgarantizar una educaci\u00f3n de calidad inclusiva y equitativa, y promover las oportunidades de aprendizaje permanente para todos\u201d.\u00a0<a href=\"http:\/\/buenostratos-blog.larioja.org\/wp-content\/uploads\/2016\/10\/dia-mundial-docentes-2016.jpg\"><img loading=\"lazy\" decoding=\"async\" class=\"alignright wp-image-1457 size-medium\" src=\"http:\/\/buenostratos-blog.larioja.org\/wp-content\/uploads\/2016\/10\/dia-mundial-docentes-2016-300x147.jpg\" alt=\"dia-mundial-docentes-2016\" width=\"300\" height=\"147\" srcset=\"https:\/\/buenostratos-blog.larioja.org\/wp-content\/uploads\/2016\/10\/dia-mundial-docentes-2016-300x147.jpg 300w, https:\/\/buenostratos-blog.larioja.org\/wp-content\/uploads\/2016\/10\/dia-mundial-docentes-2016-500x246.jpg 500w, https:\/\/buenostratos-blog.larioja.org\/wp-content\/uploads\/2016\/10\/dia-mundial-docentes-2016.jpg 712w\" sizes=\"(max-width: 300px) 100vw, 300px\" \/><\/a><\/p>\n<p style=\"text-align: justify;\">Es el primer D\u00eda Mundial del Docente que se celebra en el marco de la nueva Agenda de Educaci\u00f3n 2030, aprobada el a\u00f1o pasado. Adem\u00e1s, este a\u00f1o, se conmemoran 50 a\u00f1os desde que se aprob\u00f3 la Recomendaci\u00f3n Conjunta de la OIT y la UNESCO sobre la Condici\u00f3n del Personal Docente, en 1966.<\/p>\n<p style=\"text-align: justify;\">El<span style=\"color: #800080;\"><strong> rol de los docentes <\/strong><\/span>es fundamental para la educaci\u00f3n de un pa\u00eds. De acuerdo a lo establecido en la Agenda de Educaci\u00f3n 2030, estos profesionales deben tener \u201clas competencias necesarias, ser contratados y remunerados de forma adecuada, recibir una buena formaci\u00f3n, estar profesionalmente calificados, encontrarse motivados, y recibir apoyo dentro de sistemas dotados de recursos, eficaces y bien administrados\u201d, ya que de ellos depende lograr una educaci\u00f3n de calidad.<\/p>\n<p style=\"text-align: justify;\">A nivel mundial y para alcanzar los objetivos propuestos para el a\u00f1o 2030, se necesitar\u00e1 tener 3,2 millones de docentes m\u00e1s en el nivel educativo primario y 5,1 millones m\u00e1s en el secundario b\u00e1sico. Todo un reto por conseguir.<\/p>\n<p style=\"text-align: justify;\"><strong><span style=\"color: #800080;\">\u00a1MUCHAS GRACIAS POR VUESTRA DISPOSICI\u00d3N Y COLABORACI\u00d3N,<\/span><\/strong><\/p>\n<p style=\"text-align: justify;\"><strong><span style=\"color: #800080;\"> Y MUCHAS FELICIDADES!<\/span><\/strong><\/p>\n<p>Fuente: Universia.com<\/p>\n","protected":false},"excerpt":{"rendered":"<p>Desde 1994, el 5 de octubre se celebra el D\u00eda Mundial del Docente. Esta fecha fue proclamada por la Organizaci\u00f3n de las Naciones Unidas para la Educaci\u00f3n, la Ciencia y la Cultura (UNESCO) y el lema de este a\u00f1o es &hellip; <a href=\"https:\/\/buenostratos-blog.larioja.org\/?p=1456\">Sigue leyendo <span class=\"meta-nav\">&rarr;<\/span><\/a><\/p>\n","protected":false},"author":2,"featured_media":0,"comment_status":"open","ping_status":"closed","sticky":false,"template":"","format":"standard","meta":{"footnotes":""},"categories":[13,3],"tags":[],"_links":{"self":[{"href":"https:\/\/buenostratos-blog.larioja.org\/index.php?rest_route=\/wp\/v2\/posts\/1456"}],"collection":[{"href":"https:\/\/buenostratos-blog.larioja.org\/index.php?rest_route=\/wp\/v2\/posts"}],"about":[{"href":"https:\/\/buenostratos-blog.larioja.org\/index.php?rest_route=\/wp\/v2\/types\/post"}],"author":[{"embeddable":true,"href":"https:\/\/buenostratos-blog.larioja.org\/index.php?rest_route=\/wp\/v2\/users\/2"}],"replies":[{"embeddable":true,"href":"https:\/\/buenostratos-blog.larioja.org\/index.php?rest_route=%2Fwp%2Fv2%2Fcomments&post=1456"}],"version-history":[{"count":3,"href":"https:\/\/buenostratos-blog.larioja.org\/index.php?rest_route=\/wp\/v2\/posts\/1456\/revisions"}],"predecessor-version":[{"id":1460,"href":"https:\/\/buenostratos-blog.larioja.org\/index.php?rest_route=\/wp\/v2\/posts\/1456\/revisions\/1460"}],"wp:attachment":[{"href":"https:\/\/buenostratos-blog.larioja.org\/index.php?rest_route=%2Fwp%2Fv2%2Fmedia&parent=1456"}],"wp:term":[{"taxonomy":"category","embeddable":true,"href":"https:\/\/buenostratos-blog.larioja.org\/index.php?rest_route=%2Fwp%2Fv2%2Fcategories&post=1456"},{"taxonomy":"post_tag","embeddable":true,"href":"https:\/\/buenostratos-blog.larioja.org\/index.php?rest_route=%2Fwp%2Fv2%2Ftags&post=1456"}],"curies":[{"name":"wp","href":"https:\/\/api.w.org\/{rel}","templated":true}]}}