{"id":1363,"date":"2016-05-30T10:13:42","date_gmt":"2016-05-30T10:13:42","guid":{"rendered":"http:\/\/buenostratos-blog.larioja.org\/?p=1363"},"modified":"2019-12-17T11:38:38","modified_gmt":"2019-12-17T11:38:38","slug":"i-premio-de-periodismo-contra-la-violencia-de-genero","status":"publish","type":"post","link":"https:\/\/buenostratos-blog.larioja.org\/?p=1363","title":{"rendered":"I Premio de Periodismo contra la Violencia de G\u00e9nero."},"content":{"rendered":"<p style=\"text-align: justify;\">La Fundaci\u00f3n Grupo Norte ha otorgado el <strong><span style=\"color: #800080;\">I Premio de Periodismo contra la Violencia de G\u00e9nero, en la categor\u00eda de radio,<\/span><\/strong> a Laura Ot\u00f3n, periodista de los Servicios Informativos de la Cadena COPE por el reportaje <strong><span style=\"color: #800080;\">\u201cPrevenir la violencia machista desde la escuela\u201d.<\/span><\/strong><\/p>\n<p style=\"text-align: justify;\">Un trabajo que pone el<span style=\"color: #800080;\"> foco<\/span> en c\u00f3mo<span style=\"color: #800080;\"> la prevenci\u00f3n<\/span> puede<span style=\"color: #800080;\"> contribuir a erradica<\/span>r o paliar el drama de la violencia de g\u00e9nero<span style=\"color: #800080;\"> si se trabaja desde edades tempranas<\/span>. Laura Ot\u00f3n comprobaba c\u00f3mo se trabaja con los j\u00f3venes, c\u00f3mo perciben la violencia machista y se esfuerza en<span style=\"color: #800080;\"> trasladar<\/span> un poco de<span style=\"color: #800080;\"> esperanza<\/span> a las <span style=\"color: #800080;\">nuevas generaciones<\/span>, las \u00fanicas capaces de erradicar la violencia contra la mujer.<\/p>\n<p style=\"text-align: justify;\">La periodista est\u00e1 ligada a COPE desde hace 20 a\u00f1os, desde 2014 realiza reportajes para informativos y programas buscando historias de vida.<\/p>\n<p style=\"text-align: justify;\">Adem\u00e1s de<span style=\"color: #800080;\"><span style=\"color: #000000;\"> Laura Ot\u00f3n<\/span>,<\/span> la Fundaci\u00f3n Grupo Norte ha premiado en la categor\u00eda de Televisi\u00f3n al programa <strong><span style=\"color: #800080;\">\u201cEl machismo no se ve\u201d<\/span><\/strong> emitido por TVE y a la periodista <span style=\"color: #800080;\">Marta Torres<\/span> del Diario de Ibiza, en el apartado de <span style=\"color: #800080;\">medio escrito.<\/span><\/p>\n<p><a href=\"http:\/\/www.cope.es\/detalle\/laura-oton-premio-de-periodismo-contra-la-violencia-de-genero.html\">Escucha el reportaje<\/a><\/p>\n","protected":false},"excerpt":{"rendered":"<p>La Fundaci\u00f3n Grupo Norte ha otorgado el I Premio de Periodismo contra la Violencia de G\u00e9nero, en la categor\u00eda de radio, a Laura Ot\u00f3n, periodista de los Servicios Informativos de la Cadena COPE por el reportaje \u201cPrevenir la violencia machista &hellip; <a href=\"https:\/\/buenostratos-blog.larioja.org\/?p=1363\">Sigue leyendo <span class=\"meta-nav\">&rarr;<\/span><\/a><\/p>\n","protected":false},"author":2,"featured_media":0,"comment_status":"open","ping_status":"closed","sticky":false,"template":"","format":"standard","meta":{"footnotes":""},"categories":[1],"tags":[],"_links":{"self":[{"href":"https:\/\/buenostratos-blog.larioja.org\/index.php?rest_route=\/wp\/v2\/posts\/1363"}],"collection":[{"href":"https:\/\/buenostratos-blog.larioja.org\/index.php?rest_route=\/wp\/v2\/posts"}],"about":[{"href":"https:\/\/buenostratos-blog.larioja.org\/index.php?rest_route=\/wp\/v2\/types\/post"}],"author":[{"embeddable":true,"href":"https:\/\/buenostratos-blog.larioja.org\/index.php?rest_route=\/wp\/v2\/users\/2"}],"replies":[{"embeddable":true,"href":"https:\/\/buenostratos-blog.larioja.org\/index.php?rest_route=%2Fwp%2Fv2%2Fcomments&post=1363"}],"version-history":[{"count":1,"href":"https:\/\/buenostratos-blog.larioja.org\/index.php?rest_route=\/wp\/v2\/posts\/1363\/revisions"}],"predecessor-version":[{"id":1364,"href":"https:\/\/buenostratos-blog.larioja.org\/index.php?rest_route=\/wp\/v2\/posts\/1363\/revisions\/1364"}],"wp:attachment":[{"href":"https:\/\/buenostratos-blog.larioja.org\/index.php?rest_route=%2Fwp%2Fv2%2Fmedia&parent=1363"}],"wp:term":[{"taxonomy":"category","embeddable":true,"href":"https:\/\/buenostratos-blog.larioja.org\/index.php?rest_route=%2Fwp%2Fv2%2Fcategories&post=1363"},{"taxonomy":"post_tag","embeddable":true,"href":"https:\/\/buenostratos-blog.larioja.org\/index.php?rest_route=%2Fwp%2Fv2%2Ftags&post=1363"}],"curies":[{"name":"wp","href":"https:\/\/api.w.org\/{rel}","templated":true}]}}