{"id":1349,"date":"2016-05-17T09:28:27","date_gmt":"2016-05-17T09:28:27","guid":{"rendered":"http:\/\/buenostratos-blog.larioja.org\/?p=1349"},"modified":"2019-12-17T11:38:38","modified_gmt":"2019-12-17T11:38:38","slug":"17-de-mayo-dia-mundial-de-internet","status":"publish","type":"post","link":"https:\/\/buenostratos-blog.larioja.org\/?p=1349","title":{"rendered":"17 de mayo D\u00eda mundial de Internet"},"content":{"rendered":"<p style=\"text-align: justify;\">\n<strong><span style=\"color: #800080;\">\u00bfQu\u00e9 es el D\u00eda de Internet?<\/span><\/strong><br \/>\nEl \u00abdiadeinternet\u00bb se celebra por primera vez en Espa\u00f1a en Octubre de 2005 a iniciativa de la Asociaci\u00f3n de Usuarios de Internet (aui.es). En la prime<a href=\"http:\/\/buenostratos-blog.larioja.org\/wp-content\/uploads\/2016\/05\/ruboff199.gif\"><img loading=\"lazy\" decoding=\"async\" class=\"alignright wp-image-1350 size-medium\" src=\"http:\/\/buenostratos-blog.larioja.org\/wp-content\/uploads\/2016\/05\/ruboff199-290x300.gif\" alt=\"ruboff199\" width=\"290\" height=\"300\" srcset=\"https:\/\/buenostratos-blog.larioja.org\/wp-content\/uploads\/2016\/05\/ruboff199-290x300.gif 290w, https:\/\/buenostratos-blog.larioja.org\/wp-content\/uploads\/2016\/05\/ruboff199-991x1024.gif 991w\" sizes=\"(max-width: 290px) 100vw, 290px\" \/><\/a>ra edici\u00f3n se organizaron 534 eventos por toda Espa\u00f1a y m\u00e1s de 200 entidades p\u00fablicas y privadas suscribieron la Declaraci\u00f3n de Principios para construir la Sociedad de la Informaci\u00f3n.<\/p>\n<p>En noviembre de 2005, la Cumbre Mundial sobre la Sociedad de la Informaci\u00f3n pidi\u00f3 a la Asamblea General de las Naciones Unidas que declarara el <strong><span style=\"color: #800080;\">17 de mayo como el D\u00eda Mundial de la Sociedad de la Informaci\u00f3n para promover la importancia de las TIC<\/span><\/strong> y los diversos asuntos relacionados con la Sociedad de la Informaci\u00f3n planteados en la CMSI. La Asamblea General adopt\u00f3 en marzo de 2006 una Resoluci\u00f3n (A\/RES\/60\/252) por la que se proclama el 17 de mayo como D\u00eda Mundial de la Sociedad de la Informaci\u00f3n todos los a\u00f1os.<\/p>\n<p style=\"text-align: justify;\">La efem\u00e9ride pretende dar a conocer las posibilidades de las nuevas tecnolog\u00edas para <span style=\"color: #800080;\">mejorar el nivel de vida<\/span> de los pueblos y de sus ciudadanos.<\/p>\n<p style=\"text-align: justify;\">Uno de los aspectos claves del \u00abd\u00edadeinternet\u00bb es la libertad de cada colectivo para decidir qu\u00e9 hace, c\u00f3mo lo hace y a qui\u00e9n dirige sus actuaciones. Todos pueden decidir su grado de implicaci\u00f3n y a todos se les reconoce la misma importancia.<\/p>\n<p style=\"text-align: justify;\">El \u00abd\u00edadeinternet\u00bb aporta una oportunidad para <span style=\"color: #800080;\">impulsar y favorecer el acceso<\/span> a la Sociedad de la Informaci\u00f3n de los <span style=\"color: #800080;\">no conectados<\/span> y de los <span style=\"color: #800080;\">discapacitados.<\/span> Adem\u00e1s, aprovecha la experiencia adquirida en Espa\u00f1a para fomentar la celebraci\u00f3n del \u00abd\u00edadeinternet\u00bb en otros pa\u00edses.<\/p>\n<p style=\"text-align: justify;\">\n<p style=\"text-align: justify;\">Fuente:diadeinternet.org<\/p>\n","protected":false},"excerpt":{"rendered":"<p>\u00bfQu\u00e9 es el D\u00eda de Internet? El \u00abdiadeinternet\u00bb se celebra por primera vez en Espa\u00f1a en Octubre de 2005 a iniciativa de la Asociaci\u00f3n de Usuarios de Internet (aui.es). En la primera edici\u00f3n se organizaron 534 eventos por toda Espa\u00f1a &hellip; <a href=\"https:\/\/buenostratos-blog.larioja.org\/?p=1349\">Sigue leyendo <span class=\"meta-nav\">&rarr;<\/span><\/a><\/p>\n","protected":false},"author":2,"featured_media":0,"comment_status":"open","ping_status":"closed","sticky":false,"template":"","format":"standard","meta":{"footnotes":""},"categories":[13],"tags":[],"_links":{"self":[{"href":"https:\/\/buenostratos-blog.larioja.org\/index.php?rest_route=\/wp\/v2\/posts\/1349"}],"collection":[{"href":"https:\/\/buenostratos-blog.larioja.org\/index.php?rest_route=\/wp\/v2\/posts"}],"about":[{"href":"https:\/\/buenostratos-blog.larioja.org\/index.php?rest_route=\/wp\/v2\/types\/post"}],"author":[{"embeddable":true,"href":"https:\/\/buenostratos-blog.larioja.org\/index.php?rest_route=\/wp\/v2\/users\/2"}],"replies":[{"embeddable":true,"href":"https:\/\/buenostratos-blog.larioja.org\/index.php?rest_route=%2Fwp%2Fv2%2Fcomments&post=1349"}],"version-history":[{"count":1,"href":"https:\/\/buenostratos-blog.larioja.org\/index.php?rest_route=\/wp\/v2\/posts\/1349\/revisions"}],"predecessor-version":[{"id":1351,"href":"https:\/\/buenostratos-blog.larioja.org\/index.php?rest_route=\/wp\/v2\/posts\/1349\/revisions\/1351"}],"wp:attachment":[{"href":"https:\/\/buenostratos-blog.larioja.org\/index.php?rest_route=%2Fwp%2Fv2%2Fmedia&parent=1349"}],"wp:term":[{"taxonomy":"category","embeddable":true,"href":"https:\/\/buenostratos-blog.larioja.org\/index.php?rest_route=%2Fwp%2Fv2%2Fcategories&post=1349"},{"taxonomy":"post_tag","embeddable":true,"href":"https:\/\/buenostratos-blog.larioja.org\/index.php?rest_route=%2Fwp%2Fv2%2Ftags&post=1349"}],"curies":[{"name":"wp","href":"https:\/\/api.w.org\/{rel}","templated":true}]}}