{"id":1342,"date":"2016-05-12T08:41:52","date_gmt":"2016-05-12T08:41:52","guid":{"rendered":"http:\/\/buenostratos-blog.larioja.org\/?p=1342"},"modified":"2019-12-17T11:38:38","modified_gmt":"2019-12-17T11:38:38","slug":"en-busca-de-una-educacion-en-igualdad","status":"publish","type":"post","link":"https:\/\/buenostratos-blog.larioja.org\/?p=1342","title":{"rendered":"En busca de una educaci\u00f3n en igualdad."},"content":{"rendered":"<p style=\"text-align: justify;\">El IX Encuentro de Unidades de Igualdad tendr\u00e1 lugar los d\u00edas 12 y 13 de mayo en la Facultad de Ciencias Econ\u00f3micas y Empresariales de la Universidad Aut\u00f3noma de Madrid (UAM).\u00a0<a href=\"http:\/\/buenostratos-blog.larioja.org\/wp-content\/uploads\/2016\/05\/arton14040-d156f.jpg\"><img loading=\"lazy\" decoding=\"async\" class=\"alignright wp-image-1343 size-full\" src=\"http:\/\/buenostratos-blog.larioja.org\/wp-content\/uploads\/2016\/05\/arton14040-d156f.jpg\" alt=\"arton14040-d156f\" width=\"120\" height=\"57\" \/><\/a><\/p>\n<p style=\"text-align: justify;\">Este encuentro, como la pasada edici\u00f3n celebrada en Salamanca, est\u00e1 destinado a las Unidades de Igualdad. Buscan <span style=\"color: #800080;\">poner en com\u00fan<\/span> sus <span style=\"color: #800080;\">estrategias<\/span> durante los dos d\u00edas que dura el acto. Adem\u00e1s de la UAM, participan la Universidad de Alcal\u00e1 de Henares, Carlos III, Complutense, Polit\u00e9cnica de Madrid y Rey Juan Carlos.<\/p>\n<p style=\"text-align: justify;\">En primer lugar, habr\u00e1 una <span style=\"color: #800080;\">conferencia inaugural<\/span> y una mesa redonda de presentaci\u00f3n. Por la tarde, se crear\u00e1n los<span style=\"color: #800080;\"> grupos de trabajo<\/span>, denominados como GT, que se re\u00fanen simult\u00e1neamente para tratar distintos temas. Estar\u00e1n coordinados por otra persona tambi\u00e9n experta en la materia. Los cinco puntos a debate son: <span style=\"color: #800080;\">Estudios de g\u00e9nero en grado, Estudios de g\u00e9nero en postgrado, Tratamiento de g\u00e9nero en I+D, Acoso y violencia de g\u00e9nero en la Universidad y Funcionamiento de las propias Unidades de Trabajo.<\/span><\/p>\n<p style=\"text-align: justify;\">\u201cEl<span style=\"color: #800080;\"> reto<\/span> de este encuentro es<span style=\"color: #800080;\"> avanzar en la igualdad en el \u00e1mbito universitario<\/span>\u201d asegura a AmecoPress Cristina Garc\u00eda Sainz, directora de la Unidad de Igualdad de la Universidad Aut\u00f3noma de Madrid. En estos encuentros, las Unidades de Igualdad buscan poner en com\u00fan unas estrategias que se hagan efectivas y que tengan repercusi\u00f3n, porque afirman que existe una carencia de formaci\u00f3n en este tema. \u201cEsto no queda aqu\u00ed, se da a conocer en las universidades y se intenta dar un paso m\u00e1s hasta los rectorados\u201d, dice Garc\u00eda Sainz.<\/p>\n<p style=\"text-align: justify;\"><strong><span style=\"color: #800080;\">Objetivos a medio plazo<\/span><\/strong><br \/>\nPara terminar, cada grupo de trabajo presentar\u00e1 un documento final con sus resultados o conclusiones finales. La meta de este IX Encuentro no se presenta a corto plazo. Se trata de hacer avanzar, a medio plazo, en todos los \u00e1mbitos que afectan al alumnado y al profesorado de las universidades espa\u00f1olas. A pesar de que las Unidades de Igualdad sean de representaci\u00f3n madrile\u00f1a, el<span style=\"color: #800080;\"> objetivo es com\u00fan para todo el Estado.<\/span><\/p>\n<p style=\"text-align: justify;\"><strong><span style=\"color: #800080;\">El voto femenino en Espa\u00f1a<\/span><\/strong><br \/>\nAdem\u00e1s de las conferencias y las mesas de debate, el encuentro incluye una <span style=\"color: #800080;\">visita guiada<\/span> a la exposici\u00f3n El voto femenino en Espa\u00f1a que tiene lugar en la Junta Municipal de Retiro y que cuenta con la colaboraci\u00f3n del Instituto de la Mujer. La exposici\u00f3n re\u00fane una <span style=\"color: #800080;\">colecci\u00f3n de fotograf\u00edas<\/span> divididas en dos partes: antecedentes internacionales, de Estados Unidos e Inglaterra, y el caso espa\u00f1ol. Se hace especial hincapi\u00e9 en las circunstancias que rodearon este debate y se reconocen figuras destacadas como Clara Campoamor.<\/p>\n<p style=\"text-align: justify;\">Inaugurada el jueves 5 de mayo, esta <span style=\"color: #800080;\">exposici\u00f3n est\u00e1 abierta al p\u00fablico hasta el d\u00eda 29 del mismo mes.<\/span> En ella, se conmemora el 85 aniversario de la concesi\u00f3n del sufragio femenino aprobado en 1931 durante la Segunda Rep\u00fablica Espa\u00f1ola. Seg\u00fan el Ministerio de Sanidad, Servicios Sociales e Igualdad, con esta exposici\u00f3n <span style=\"color: #800080;\">se pretende contribuir<\/span> a la <span style=\"color: #800080;\">recuperaci\u00f3n hist\u00f3rica<\/span> y <span style=\"color: #800080;\">rendir<\/span> un merecido <span style=\"color: #800080;\">homenaje<\/span> a todas <span style=\"color: #800080;\">aquellas luchadoras<\/span> por la <span style=\"color: #800080;\">igualdad<\/span> pol\u00edtica <span style=\"color: #800080;\">de las mujeres en Espa\u00f1a.<\/span><\/p>\n<p style=\"text-align: justify;\">Foto: AmecoPress, cedida por la Unidad de Igualdad de la Universidad Aut\u00f3noma de Madrid.<\/p>\n","protected":false},"excerpt":{"rendered":"<p>El IX Encuentro de Unidades de Igualdad tendr\u00e1 lugar los d\u00edas 12 y 13 de mayo en la Facultad de Ciencias Econ\u00f3micas y Empresariales de la Universidad Aut\u00f3noma de Madrid (UAM).\u00a0 Este encuentro, como la pasada edici\u00f3n celebrada en Salamanca, &hellip; <a href=\"https:\/\/buenostratos-blog.larioja.org\/?p=1342\">Sigue leyendo <span class=\"meta-nav\">&rarr;<\/span><\/a><\/p>\n","protected":false},"author":2,"featured_media":0,"comment_status":"open","ping_status":"closed","sticky":false,"template":"","format":"standard","meta":{"footnotes":""},"categories":[13,1],"tags":[],"_links":{"self":[{"href":"https:\/\/buenostratos-blog.larioja.org\/index.php?rest_route=\/wp\/v2\/posts\/1342"}],"collection":[{"href":"https:\/\/buenostratos-blog.larioja.org\/index.php?rest_route=\/wp\/v2\/posts"}],"about":[{"href":"https:\/\/buenostratos-blog.larioja.org\/index.php?rest_route=\/wp\/v2\/types\/post"}],"author":[{"embeddable":true,"href":"https:\/\/buenostratos-blog.larioja.org\/index.php?rest_route=\/wp\/v2\/users\/2"}],"replies":[{"embeddable":true,"href":"https:\/\/buenostratos-blog.larioja.org\/index.php?rest_route=%2Fwp%2Fv2%2Fcomments&post=1342"}],"version-history":[{"count":3,"href":"https:\/\/buenostratos-blog.larioja.org\/index.php?rest_route=\/wp\/v2\/posts\/1342\/revisions"}],"predecessor-version":[{"id":1346,"href":"https:\/\/buenostratos-blog.larioja.org\/index.php?rest_route=\/wp\/v2\/posts\/1342\/revisions\/1346"}],"wp:attachment":[{"href":"https:\/\/buenostratos-blog.larioja.org\/index.php?rest_route=%2Fwp%2Fv2%2Fmedia&parent=1342"}],"wp:term":[{"taxonomy":"category","embeddable":true,"href":"https:\/\/buenostratos-blog.larioja.org\/index.php?rest_route=%2Fwp%2Fv2%2Fcategories&post=1342"},{"taxonomy":"post_tag","embeddable":true,"href":"https:\/\/buenostratos-blog.larioja.org\/index.php?rest_route=%2Fwp%2Fv2%2Ftags&post=1342"}],"curies":[{"name":"wp","href":"https:\/\/api.w.org\/{rel}","templated":true}]}}