{"id":1333,"date":"2016-05-10T12:05:57","date_gmt":"2016-05-10T12:05:57","guid":{"rendered":"http:\/\/buenostratos-blog.larioja.org\/?p=1333"},"modified":"2019-12-17T11:38:38","modified_gmt":"2019-12-17T11:38:38","slug":"dia-internacional-de-la-familia","status":"publish","type":"post","link":"https:\/\/buenostratos-blog.larioja.org\/?p=1333","title":{"rendered":"D\u00eda Internacional de la Familia."},"content":{"rendered":"<p class=\"cmParagraph\" style=\"text-align: justify;\">Con motivo del <span style=\"color: #800080;\">D\u00eda Internacional de la Familia<\/span> se ha organizado una conferencia para conmemorar dicho d\u00eda.<\/p>\n<p class=\"cmParagraph\" style=\"text-align: justify;\"><a href=\"http:\/\/www.larioja.org\/larioja-client\/cm\/servicios-sociales\/images?idMmedia=795624\"><img loading=\"lazy\" decoding=\"async\" class=\"alignright wp-image-1334 size-medium\" src=\"http:\/\/buenostratos-blog.larioja.org\/wp-content\/uploads\/2016\/05\/cartel-dia-familia2016-212x300.jpg\" alt=\"PDF\" width=\"212\" height=\"300\" srcset=\"https:\/\/buenostratos-blog.larioja.org\/wp-content\/uploads\/2016\/05\/cartel-dia-familia2016-212x300.jpg 212w, https:\/\/buenostratos-blog.larioja.org\/wp-content\/uploads\/2016\/05\/cartel-dia-familia2016.jpg 616w\" sizes=\"(max-width: 212px) 100vw, 212px\" \/><\/a>Esta tendr\u00e1 lugar el jueves, <span style=\"color: #800080;\"><strong>12 de mayo, a las 19.00 h<\/strong>.<\/span> a cargo de Jenny Moix bajo el t\u00edtulo\u00a0<a title=\"Descarga del fichero &quot;Cartel conferencia (Definitivo)&quot; en formato &quot;Documento PDF&quot; y tama\u00f1o 2.6 MB.  Este enlace se abrir\u00e1 en una ventana nueva.\" href=\"http:\/\/www.larioja.org\/larioja-client\/cm\/servicios-sociales\/images?idMmedia=795624\"><strong>\u00abSi queremos ser padres perfectos, ya nos hemos equivocado\u00bb<\/strong><\/a> en el <span style=\"color: #800080;\">Centro Fundaci\u00f3n Caja Rioja-Bankia.<\/span><\/p>\n<p class=\"cmParagraph\" style=\"text-align: justify;\">Jenny Moix es Dra. en psicolog\u00eda, profesora titular de la Universidad Aut\u00f3noma de Barcelona, autora de \u00abFelicidad Flexible\u00bb y \u00abCara a cara con tu dolor\u00bb y colabora en diversos programas radiof\u00f3nicos y televisivos.<\/p>\n<p class=\"cmParagraph\" style=\"text-align: justify;\">\u00a1Os esperamos!<\/p>\n","protected":false},"excerpt":{"rendered":"<p>Con motivo del D\u00eda Internacional de la Familia se ha organizado una conferencia para conmemorar dicho d\u00eda. Esta tendr\u00e1 lugar el jueves, 12 de mayo, a las 19.00 h. a cargo de Jenny Moix bajo el t\u00edtulo\u00a0\u00abSi queremos ser padres &hellip; <a href=\"https:\/\/buenostratos-blog.larioja.org\/?p=1333\">Sigue leyendo <span class=\"meta-nav\">&rarr;<\/span><\/a><\/p>\n","protected":false},"author":2,"featured_media":0,"comment_status":"open","ping_status":"closed","sticky":false,"template":"","format":"standard","meta":{"footnotes":""},"categories":[13,3,4],"tags":[],"_links":{"self":[{"href":"https:\/\/buenostratos-blog.larioja.org\/index.php?rest_route=\/wp\/v2\/posts\/1333"}],"collection":[{"href":"https:\/\/buenostratos-blog.larioja.org\/index.php?rest_route=\/wp\/v2\/posts"}],"about":[{"href":"https:\/\/buenostratos-blog.larioja.org\/index.php?rest_route=\/wp\/v2\/types\/post"}],"author":[{"embeddable":true,"href":"https:\/\/buenostratos-blog.larioja.org\/index.php?rest_route=\/wp\/v2\/users\/2"}],"replies":[{"embeddable":true,"href":"https:\/\/buenostratos-blog.larioja.org\/index.php?rest_route=%2Fwp%2Fv2%2Fcomments&post=1333"}],"version-history":[{"count":5,"href":"https:\/\/buenostratos-blog.larioja.org\/index.php?rest_route=\/wp\/v2\/posts\/1333\/revisions"}],"predecessor-version":[{"id":1339,"href":"https:\/\/buenostratos-blog.larioja.org\/index.php?rest_route=\/wp\/v2\/posts\/1333\/revisions\/1339"}],"wp:attachment":[{"href":"https:\/\/buenostratos-blog.larioja.org\/index.php?rest_route=%2Fwp%2Fv2%2Fmedia&parent=1333"}],"wp:term":[{"taxonomy":"category","embeddable":true,"href":"https:\/\/buenostratos-blog.larioja.org\/index.php?rest_route=%2Fwp%2Fv2%2Fcategories&post=1333"},{"taxonomy":"post_tag","embeddable":true,"href":"https:\/\/buenostratos-blog.larioja.org\/index.php?rest_route=%2Fwp%2Fv2%2Ftags&post=1333"}],"curies":[{"name":"wp","href":"https:\/\/api.w.org\/{rel}","templated":true}]}}