{"id":1138,"date":"2015-12-10T10:54:53","date_gmt":"2015-12-10T10:54:53","guid":{"rendered":"http:\/\/buenostratos-blog.larioja.org\/?p=1138"},"modified":"2019-12-17T11:38:39","modified_gmt":"2019-12-17T11:38:39","slug":"concurso-de-carteles-dia-de-la-infancia","status":"publish","type":"post","link":"https:\/\/buenostratos-blog.larioja.org\/?p=1138","title":{"rendered":"Concurso de carteles D\u00eda de la Infancia."},"content":{"rendered":"<p style=\"text-align: justify;\">El consejero de Pol\u00edticas Sociales, <span style=\"color: #800080;\">Conrado Escobar<\/span>, entreg\u00f3 el pasado d\u00eda 2 de diciembre, en el Instituto Riojano de la Juventud, los premios de la <span style=\"color: #800080;\"><strong>VII edici\u00f3n del Concurso de carteles D\u00eda de la Infancia,<\/strong><\/span> que este a\u00f1o ten\u00eda como tema de trabajo <span style=\"color: #800080;\">\u2018El derecho al auxilio\u2019.<\/span><\/p>\n<p style=\"text-align: justify;\">En concreto, a trav\u00e9s de esta actividad se persegu\u00edan los siguientes objetivos: <span style=\"color: #800080;\">divulgar<\/span> los contenidos de la Convenci\u00f3n Internacional sobre los Derechos del Ni\u00f1o;<a href=\"http:\/\/buenostratos-blog.larioja.org\/wp-content\/uploads\/2015\/12\/concurso-de-carteles1.jpg\"><img loading=\"lazy\" decoding=\"async\" class=\"alignright wp-image-1140 size-full\" src=\"http:\/\/buenostratos-blog.larioja.org\/wp-content\/uploads\/2015\/12\/concurso-de-carteles1.jpg\" alt=\"concurso de carteles1\" width=\"263\" height=\"175\" \/><\/a> <span style=\"color: #800080;\">sensibilizar<\/span> a los profesionales que trabajan directa o indirectamente con los ni\u00f1os y ni\u00f1as, y asegurar que los ni\u00f1os y ni\u00f1as <span style=\"color: #800080;\">conozcan<\/span> sus derechos, se <span style=\"color: #800080;\">responsabilicen<\/span> de ellos y sean <span style=\"color: #800080;\">protagonistas<\/span> de los mismos.<\/p>\n<p style=\"text-align: justify;\">El concurso es una herramienta extraordinaria para <span style=\"color: #800080;\">promover y movilizar<\/span> la participaci\u00f3n infantil y propiciar la vertiente art\u00edstica y l\u00fadica de los ni\u00f1os y ni\u00f1as que permita, de manera desenfadada, el conocimiento de sus derechos de forma sencilla e informal y la creaci\u00f3n de carteles en el que los alumnos representar\u00e1n mediante juegos de formas y colores los derechos.<\/p>\n<p style=\"text-align: justify;\">No podemos olvidar que los ni\u00f1os son los adultos del futuro y que, por lo tanto, hay que entender que son ciudadanos con derecho a participar en nuestra sociedad.<\/p>\n<p style=\"text-align: justify;\">Hay que destacar que a esta edici\u00f3n se han presentado 32 trabajos realizados por alumnos de 5\u00ba de primaria de 6 colegios riojanos (C.E.I.P. S\u00e1ez de Tejada de Quel; C.P.C. Ntra. Sra. de la Piedad de N\u00e1jera; C.P.C. Antonio Delgado Calvete de Arnedo; C.R.A. Entrevi\u00f1as; C.R.A. Alto Cidacos y el C.E.I.P. Nuestra Se\u00f1ora de la Vega de Haro). Del centro de Haro corresponde el <span style=\"color: #800080;\">cartel ganador<\/span> de este a\u00f1o que recibir\u00e1 un cheque de <span style=\"color: #800080;\">1.500 euros<\/span> para canjear por material escolar.<\/p>\n<p style=\"text-align: justify;\">Por \u00faltimo, todos los <span style=\"color: #800080;\">carteles<\/span> van a estar <span style=\"color: #800080;\">expuestos<\/span> en la sala de exposiciones del IRJ del 2 al 9 de diciembre. Asimismo se han difundido a trav\u00e9s de la p\u00e1gina Web del Gobierno de la Rioja.<\/p>\n","protected":false},"excerpt":{"rendered":"<p>El consejero de Pol\u00edticas Sociales, Conrado Escobar, entreg\u00f3 el pasado d\u00eda 2 de diciembre, en el Instituto Riojano de la Juventud, los premios de la VII edici\u00f3n del Concurso de carteles D\u00eda de la Infancia, que este a\u00f1o ten\u00eda como &hellip; <a href=\"https:\/\/buenostratos-blog.larioja.org\/?p=1138\">Sigue leyendo <span class=\"meta-nav\">&rarr;<\/span><\/a><\/p>\n","protected":false},"author":2,"featured_media":0,"comment_status":"open","ping_status":"closed","sticky":false,"template":"","format":"standard","meta":{"footnotes":""},"categories":[13],"tags":[],"_links":{"self":[{"href":"https:\/\/buenostratos-blog.larioja.org\/index.php?rest_route=\/wp\/v2\/posts\/1138"}],"collection":[{"href":"https:\/\/buenostratos-blog.larioja.org\/index.php?rest_route=\/wp\/v2\/posts"}],"about":[{"href":"https:\/\/buenostratos-blog.larioja.org\/index.php?rest_route=\/wp\/v2\/types\/post"}],"author":[{"embeddable":true,"href":"https:\/\/buenostratos-blog.larioja.org\/index.php?rest_route=\/wp\/v2\/users\/2"}],"replies":[{"embeddable":true,"href":"https:\/\/buenostratos-blog.larioja.org\/index.php?rest_route=%2Fwp%2Fv2%2Fcomments&post=1138"}],"version-history":[{"count":2,"href":"https:\/\/buenostratos-blog.larioja.org\/index.php?rest_route=\/wp\/v2\/posts\/1138\/revisions"}],"predecessor-version":[{"id":1142,"href":"https:\/\/buenostratos-blog.larioja.org\/index.php?rest_route=\/wp\/v2\/posts\/1138\/revisions\/1142"}],"wp:attachment":[{"href":"https:\/\/buenostratos-blog.larioja.org\/index.php?rest_route=%2Fwp%2Fv2%2Fmedia&parent=1138"}],"wp:term":[{"taxonomy":"category","embeddable":true,"href":"https:\/\/buenostratos-blog.larioja.org\/index.php?rest_route=%2Fwp%2Fv2%2Fcategories&post=1138"},{"taxonomy":"post_tag","embeddable":true,"href":"https:\/\/buenostratos-blog.larioja.org\/index.php?rest_route=%2Fwp%2Fv2%2Ftags&post=1138"}],"curies":[{"name":"wp","href":"https:\/\/api.w.org\/{rel}","templated":true}]}}